{"id":42815,"date":"2022-06-26T10:15:00","date_gmt":"2022-06-26T15:15:00","guid":{"rendered":"http:\/\/www.zonaroja.com.mx\/?p=42815"},"modified":"2022-06-26T07:16:32","modified_gmt":"2022-06-26T12:16:32","slug":"viruela-del-mono-van-3200-casos-en-50-paises-pero-la-oms-dice-que-no-es-amenaza","status":"publish","type":"post","link":"https:\/\/zonaroja.com.mx\/?p=42815","title":{"rendered":"Viruela del mono: van 3,200 casos en 50 pa\u00edses, pero la OMS dice que no es amenaza"},"content":{"rendered":"\n<p>Redacci\u00f3n\/Zona Roja Cdmx.<\/p>\n\n\n\n<p>Ciudad de M\u00e9xico, 26 de junio de 2022.- El director general de la Organizaci\u00f3n Mundial de la Salud (OMS) dijo este s\u00e1bado que el brote de viruela del mono es una amenaza sanitaria muy preocupante pero por el momento no se trata de una emergencia de salud p\u00fablica global.&nbsp;<\/p>\n\n\n\n<p>\u201cPor el momento la situaci\u00f3n no constituye una emergencia de salud p\u00fablica de importancia internacional, que es el nivel m\u00e1s alto de alerta que la OMS puede emitir\u00bb, indic\u00f3 Tedros Adhanom Ghebreyesus en un comunicado tras una reuni\u00f3n de expertos para tratar el tema.<\/p>\n\n\n\n<p>\u201cEl comit\u00e9 de emergencia comparti\u00f3 sus serias preocupaciones por la escala y la velocidad del actual brote\u00bb, agreg\u00f3 Tedros.<\/p>\n\n\n\n<p>Los casos de esta enfermedad aumentan desde mayo m\u00e1s all\u00e1 de los pa\u00edses donde era end\u00e9mica en el oeste y el centro de \u00c1frica y se concentran especialmente en Europa occidental.<\/p>\n\n\n\n<p>Hasta el momento se han detectado 3 mil 200 casos y un deceso en unos 50 pa\u00edses distintos, seg\u00fan la OMS.<\/p>\n\n\n\n<p>Los s\u00edntomas de la enfermedad incluyen fiebre, dolor de cabeza, inflamaci\u00f3n de los ganglios linf\u00e1ticos, dolor muscular y falta de energ\u00eda.<\/p>\n\n\n\n<p>Luego aparecen erupciones en la cara, las palmas de las manos y las plantas de los pies; lesiones, p\u00fastulas y, finalmente, costras. Suele curarse en unas tres semanas.<\/p>\n\n\n\n<p>(Informaci\u00f3n de agencias en \u201cExc\u00e9lsior\u201d)<\/p>\n","protected":false},"excerpt":{"rendered":"<p>Redacci\u00f3n\/Zona Roja Cdmx. Ciudad de M\u00e9xico, 26 de junio de 2022.- El director general de&hellip;<\/p>\n","protected":false},"author":2,"featured_media":42245,"comment_status":"closed","ping_status":"open","sticky":false,"template":"","format":"standard","meta":{"_lmt_disableupdate":"","_lmt_disable":"","_jetpack_memberships_contains_paid_content":false,"footnotes":""},"categories":[109,47],"tags":[3161],"class_list":["post-42815","post","type-post","status-publish","format-standard","has-post-thumbnail","hentry","category-minuto-a-minuto","category-zona-gris","tag-viruela-del-mono"],"jetpack_featured_media_url":"https:\/\/zonaroja.com.mx\/wp-content\/uploads\/2022\/06\/Viruela-del-mono-monkey.jpeg","jetpack_sharing_enabled":true,"_links":{"self":[{"href":"https:\/\/zonaroja.com.mx\/index.php?rest_route=\/wp\/v2\/posts\/42815","targetHints":{"allow":["GET"]}}],"collection":[{"href":"https:\/\/zonaroja.com.mx\/index.php?rest_route=\/wp\/v2\/posts"}],"about":[{"href":"https:\/\/zonaroja.com.mx\/index.php?rest_route=\/wp\/v2\/types\/post"}],"author":[{"embeddable":true,"href":"https:\/\/zonaroja.com.mx\/index.php?rest_route=\/wp\/v2\/users\/2"}],"replies":[{"embeddable":true,"href":"https:\/\/zonaroja.com.mx\/index.php?rest_route=%2Fwp%2Fv2%2Fcomments&post=42815"}],"version-history":[{"count":1,"href":"https:\/\/zonaroja.com.mx\/index.php?rest_route=\/wp\/v2\/posts\/42815\/revisions"}],"predecessor-version":[{"id":42816,"href":"https:\/\/zonaroja.com.mx\/index.php?rest_route=\/wp\/v2\/posts\/42815\/revisions\/42816"}],"wp:featuredmedia":[{"embeddable":true,"href":"https:\/\/zonaroja.com.mx\/index.php?rest_route=\/wp\/v2\/media\/42245"}],"wp:attachment":[{"href":"https:\/\/zonaroja.com.mx\/index.php?rest_route=%2Fwp%2Fv2%2Fmedia&parent=42815"}],"wp:term":[{"taxonomy":"category","embeddable":true,"href":"https:\/\/zonaroja.com.mx\/index.php?rest_route=%2Fwp%2Fv2%2Fcategories&post=42815"},{"taxonomy":"post_tag","embeddable":true,"href":"https:\/\/zonaroja.com.mx\/index.php?rest_route=%2Fwp%2Fv2%2Ftags&post=42815"}],"curies":[{"name":"wp","href":"https:\/\/api.w.org\/{rel}","templated":true}]}}