{"id":42817,"date":"2022-06-26T07:25:42","date_gmt":"2022-06-26T12:25:42","guid":{"rendered":"http:\/\/www.zonaroja.com.mx\/?p=42817"},"modified":"2022-06-26T07:34:42","modified_gmt":"2022-06-26T12:34:42","slug":"historico-elige-la-ucizoni-a-tres-mujeres-como-sus-dirigentes","status":"publish","type":"post","link":"https:\/\/zonaroja.com.mx\/?p=42817","title":{"rendered":"Hist\u00f3rico: elige la Ucizoni a tres mujeres como sus dirigentes"},"content":{"rendered":"\n<p>Redacci\u00f3n\/Zona Roja.<\/p>\n\n\n\n<p>Oaxaca de Ju\u00e1rez, Oax., 26 de junio de 2022.- Por primera vez en su historia, la Uni\u00f3n de Comunidades Ind\u00edgenas de la Zona Norte del Istmo (Ucizoni) eligi\u00f3 a tres mujeres en su dirigencia.<\/p>\n\n\n\n<p>Ayer, al concluir los trabajos de la XIV Asamblea Congreso, por mayor\u00eda se eligi\u00f3 a las integrantes del Consejo Directivo 2022-2025.<\/p>\n\n\n\n<p>Se trata de Lourdes Arag\u00f3n Francisco, de la comunidad de Encinal Colorado, San Juan Guichicovi, como presidenta; Griseyda Cruz Antonio, de Palomares, Matias Romero, como secretaria General, y Natalia Rodr\u00edguez Jacinto, de San Antonio Tutla, como tesorera propietaria.<\/p>\n\n\n\n<p>Tambi\u00e9n fue elegido como presidente suplente el ind\u00edgena zapoteca Germ\u00e1n Cabrera Ju\u00e1rez, de Santo Domingo Petapa.<\/p>\n\n\n\n<p>\u201cLa elecci\u00f3n de este Consejo Directivo es un reconocimiento al papel que vienen jugando las mujeres en un momento cr\u00edtico, donde la pandemia, los grandes proyectos de inversi\u00f3n y la violencia ponen en peligro la vida misma de nuestras gentes\u201d, expuso la Ucizoni.<\/p>\n\n\n\n<p>En el inicio de la asamblea se rindi\u00f3 un homenaje a socios y socias, as\u00ed como a los delegados que fallecieron por el coronavirus.&nbsp;<\/p>\n\n\n\n<p>De la misma manera, se ratifico el mandato de seguir impulsando acciones de resistencia en contra de la imposici\u00f3n de megaproyectos como el Corredor Interoceanico.&nbsp;<\/p>\n\n\n\n<p>Se denuncio que el megaproyecto viene provocando divisionismo al interior de las comunidades, la presencia creciente de grupos delictivos, y despojos.&nbsp;<\/p>\n\n\n\n<p>Tambi\u00e9n se mandato al nuevo Consejo Directivo para seguir impulsando acciones alternativas para proteger los saberes tradicionales, a la madre Tierra y los derechos de las comunidades.&nbsp;<\/p>\n\n\n\n<p>En esta Asamblea participaron mas de 150 delegados y delegadas, y autoridades comunitarias provenientes de 57 pueblos de ocho municipios de Oaxaca y Veracruz del Istmo de Tehuantepec.<\/p>\n","protected":false},"excerpt":{"rendered":"<p>Redacci\u00f3n\/Zona Roja. Oaxaca de Ju\u00e1rez, Oax., 26 de junio de 2022.- Por primera vez en&hellip;<\/p>\n","protected":false},"author":2,"featured_media":42809,"comment_status":"closed","ping_status":"open","sticky":false,"template":"","format":"standard","meta":{"_lmt_disableupdate":"","_lmt_disable":"","_jetpack_memberships_contains_paid_content":false,"footnotes":""},"categories":[109,46],"tags":[3172],"class_list":["post-42817","post","type-post","status-publish","format-standard","has-post-thumbnail","hentry","category-minuto-a-minuto","category-zona-blanca","tag-union-de-comunidades-indigenas-de-la-zona-norte-del-istmo-ucizoni"],"jetpack_featured_media_url":"https:\/\/zonaroja.com.mx\/wp-content\/uploads\/2022\/06\/Ucizoni-Union-de-Comunidades-Istmo.jpeg","jetpack_sharing_enabled":true,"_links":{"self":[{"href":"https:\/\/zonaroja.com.mx\/index.php?rest_route=\/wp\/v2\/posts\/42817","targetHints":{"allow":["GET"]}}],"collection":[{"href":"https:\/\/zonaroja.com.mx\/index.php?rest_route=\/wp\/v2\/posts"}],"about":[{"href":"https:\/\/zonaroja.com.mx\/index.php?rest_route=\/wp\/v2\/types\/post"}],"author":[{"embeddable":true,"href":"https:\/\/zonaroja.com.mx\/index.php?rest_route=\/wp\/v2\/users\/2"}],"replies":[{"embeddable":true,"href":"https:\/\/zonaroja.com.mx\/index.php?rest_route=%2Fwp%2Fv2%2Fcomments&post=42817"}],"version-history":[{"count":1,"href":"https:\/\/zonaroja.com.mx\/index.php?rest_route=\/wp\/v2\/posts\/42817\/revisions"}],"predecessor-version":[{"id":42818,"href":"https:\/\/zonaroja.com.mx\/index.php?rest_route=\/wp\/v2\/posts\/42817\/revisions\/42818"}],"wp:featuredmedia":[{"embeddable":true,"href":"https:\/\/zonaroja.com.mx\/index.php?rest_route=\/wp\/v2\/media\/42809"}],"wp:attachment":[{"href":"https:\/\/zonaroja.com.mx\/index.php?rest_route=%2Fwp%2Fv2%2Fmedia&parent=42817"}],"wp:term":[{"taxonomy":"category","embeddable":true,"href":"https:\/\/zonaroja.com.mx\/index.php?rest_route=%2Fwp%2Fv2%2Fcategories&post=42817"},{"taxonomy":"post_tag","embeddable":true,"href":"https:\/\/zonaroja.com.mx\/index.php?rest_route=%2Fwp%2Fv2%2Ftags&post=42817"}],"curies":[{"name":"wp","href":"https:\/\/api.w.org\/{rel}","templated":true}]}}