{"id":42825,"date":"2022-06-26T14:03:26","date_gmt":"2022-06-26T19:03:26","guid":{"rendered":"https:\/\/www.zonaroja.com.mx\/?p=42825"},"modified":"2022-06-26T14:09:56","modified_gmt":"2022-06-26T19:09:56","slug":"alertan-sobre-lluvias-fuertes-en-oaxaca-generadas-por-onda-tropical-7","status":"publish","type":"post","link":"https:\/\/zonaroja.com.mx\/?p=42825","title":{"rendered":"Alertan sobre lluvias fuertes en Oaxaca, generadas por Onda Tropical 7"},"content":{"rendered":"\n<p>Redacci\u00f3n\/Zona Roja.&nbsp;<\/p>\n\n\n\n<p>Oaxaca de Ju\u00e1rez, Oax. 26&nbsp;de junio de 2022.&nbsp;La Coordinaci\u00f3n Estatal de Protecci\u00f3n Civil de Oaxaca (CEPCO), informa que este domingo se sentir\u00e1n los efectos de la Onda Tropical 7 sobre&nbsp;la mayor parte del estado.&nbsp;<\/p>\n\n\n\n<p>En su paso por la entidad, se espera el desarrollo de nublados densos y de desarrollo vertical que pueden ocasionar tormentas puntuales, con mayor \u00e9nfasis en zonas monta\u00f1osas de la Sierra Sur, Sierra Norte, zona Mazateca y Cuenca del Papaloapan.<\/p>\n\n\n\n<p>La CEPCO se\u00f1al\u00f3 que&nbsp;algunas de&nbsp;las&nbsp;tormentas&nbsp;podr\u00edan&nbsp;estar acompa\u00f1adas de actividad el\u00e9ctrica y rachas de viento.&nbsp;Asimismo,&nbsp;se mantendr\u00e1 la presencia de niebla muy densa durante la noche y al amanecer, por lo que reiter\u00f3 la importancia de tomar&nbsp;precauciones y&nbsp;mantenerse&nbsp;informado.<\/p>\n\n\n\n<p>Para la capital de estado, la Coordinaci\u00f3n comunic\u00f3 que el pron\u00f3stico meteorol\u00f3gico ser\u00e1 sensaci\u00f3n de fresco al amanecer y por la noche;&nbsp;medio nublado a nublado, lluvias, tormentas actividad el\u00e9ctrica y rachas de viento por la tarde, as\u00ed como temperatura m\u00e1xima de 28 grados y m\u00ednima de 15.<\/p>\n\n\n\n<p>En la Cuenca del Papaloapan ser\u00e1 un d\u00eda caluroso, medio nublado a nublado y&nbsp;se presentar\u00e1n&nbsp;lluvias de intensidad variable&nbsp;y se percibir\u00e1n&nbsp;bancos de niebla en zonas altas.&nbsp;Respecto a la Ca\u00f1ada, el pron\u00f3stico es fresco por la ma\u00f1ana y noche,&nbsp;caluroso durante el d\u00eda, medio nublado&nbsp;con&nbsp;lluvias de intensidad variabley&nbsp;niebla densa en la zona alta.&nbsp;<\/p>\n\n\n\n<p>En el caso de la&nbsp;Sierra Norte, refiri\u00f3 que el tiempo ser\u00e1 fresco por la ma\u00f1ana y noche, nublado la mayor parte del d\u00eda&nbsp;y se presentar\u00e1n&nbsp;lluvias de intensidad variable con algunas localmente fuertes.&nbsp;Para la&nbsp;Sierra Sur, el amanecer y noche&nbsp;se sentir\u00e1 fresco, medio nublado a nublado&nbsp;durante el d\u00eda,&nbsp;sinti\u00e9ndoselluvias de intensidad variable, con algunas tormentas locales fuertes&nbsp;y&nbsp;niebla densa en zonas altas.<\/p>\n\n\n\n<p>Referente a las&nbsp;condiciones meteorol\u00f3gicas registradas en las \u00faltimas 24 horas en el estado, la CEPCO comunic\u00f3 que se registraron lluvias con tormentas aisladas en diferentes puntos del estado.&nbsp;<\/p>\n\n\n\n<p>Finalmente, la dependencia hace un exhorto a la ciudadan\u00eda a hacer caso a las recomendaciones preventivas en esta \u00e9poca de lluvias, como mantenerse resguardado en caso de tormentas con descargas el\u00e9ctricas y evitar caminar en zonas inundadas o cruzar r\u00edos, y mantenerse lejos de la corriente, ya que podr\u00edan ser arrastrados.<\/p>\n","protected":false},"excerpt":{"rendered":"<p>Redacci\u00f3n\/Zona Roja.&nbsp; Oaxaca de Ju\u00e1rez, Oax. 26&nbsp;de junio de 2022.&nbsp;La Coordinaci\u00f3n Estatal de Protecci\u00f3n Civil&hellip;<\/p>\n","protected":false},"author":2,"featured_media":42823,"comment_status":"closed","ping_status":"open","sticky":false,"template":"","format":"standard","meta":{"_lmt_disableupdate":"","_lmt_disable":"","_jetpack_memberships_contains_paid_content":false,"footnotes":""},"categories":[109,47],"tags":[],"class_list":["post-42825","post","type-post","status-publish","format-standard","has-post-thumbnail","hentry","category-minuto-a-minuto","category-zona-gris"],"jetpack_featured_media_url":"https:\/\/zonaroja.com.mx\/wp-content\/uploads\/2022\/06\/img_4361.jpg","jetpack_sharing_enabled":true,"_links":{"self":[{"href":"https:\/\/zonaroja.com.mx\/index.php?rest_route=\/wp\/v2\/posts\/42825","targetHints":{"allow":["GET"]}}],"collection":[{"href":"https:\/\/zonaroja.com.mx\/index.php?rest_route=\/wp\/v2\/posts"}],"about":[{"href":"https:\/\/zonaroja.com.mx\/index.php?rest_route=\/wp\/v2\/types\/post"}],"author":[{"embeddable":true,"href":"https:\/\/zonaroja.com.mx\/index.php?rest_route=\/wp\/v2\/users\/2"}],"replies":[{"embeddable":true,"href":"https:\/\/zonaroja.com.mx\/index.php?rest_route=%2Fwp%2Fv2%2Fcomments&post=42825"}],"version-history":[{"count":1,"href":"https:\/\/zonaroja.com.mx\/index.php?rest_route=\/wp\/v2\/posts\/42825\/revisions"}],"predecessor-version":[{"id":42826,"href":"https:\/\/zonaroja.com.mx\/index.php?rest_route=\/wp\/v2\/posts\/42825\/revisions\/42826"}],"wp:featuredmedia":[{"embeddable":true,"href":"https:\/\/zonaroja.com.mx\/index.php?rest_route=\/wp\/v2\/media\/42823"}],"wp:attachment":[{"href":"https:\/\/zonaroja.com.mx\/index.php?rest_route=%2Fwp%2Fv2%2Fmedia&parent=42825"}],"wp:term":[{"taxonomy":"category","embeddable":true,"href":"https:\/\/zonaroja.com.mx\/index.php?rest_route=%2Fwp%2Fv2%2Fcategories&post=42825"},{"taxonomy":"post_tag","embeddable":true,"href":"https:\/\/zonaroja.com.mx\/index.php?rest_route=%2Fwp%2Fv2%2Ftags&post=42825"}],"curies":[{"name":"wp","href":"https:\/\/api.w.org\/{rel}","templated":true}]}}