{"id":42827,"date":"2022-06-26T15:23:48","date_gmt":"2022-06-26T20:23:48","guid":{"rendered":"http:\/\/www.zonaroja.com.mx\/?p=42827"},"modified":"2022-06-26T16:42:14","modified_gmt":"2022-06-26T21:42:14","slug":"en-operativo-en-cotzocon-detienen-a-dos-personas-y-aseguran-droga-y-armas","status":"publish","type":"post","link":"https:\/\/zonaroja.com.mx\/?p=42827","title":{"rendered":"Realizan operativos en Cuenca y Bajo Mixe; detienen a personas y aseguran droga y armas"},"content":{"rendered":"\n<p>Redacci\u00f3n\/Zona Roja.&nbsp;<\/p>\n\n\n\n<p>Oaxaca de Ju\u00e1rez, Oax., 26 de junio de 2022.- La labor de investigaci\u00f3n y combate a la criminalidad por parte de la Fiscal\u00eda General del Estado de Oaxaca (FGEO) permiti\u00f3 la detenci\u00f3n de dos personas y el aseguramiento de armas y droga, luego de un operativo realizado en jurisdicci\u00f3n de San Juan Cotzoc\u00f3n, distrito Mixe.<\/p>\n\n\n\n<p>El operativo se llev\u00f3 a cabo el pasado viernes 24 de junio de 2022,&nbsp; y fue encabezado por la Vicefiscal\u00eda Regional e la Cuenca, adem\u00e1s cont\u00f3 con la participaci\u00f3n de elementos de la Agencia Estatal de Investigaciones (AEI) y de la Guardia Nacional (GN).<\/p>\n\n\n\n<p>Durante el despliegue realizado en inmediaciones de la poblaci\u00f3n de Mar\u00eda Lombardo de Caso, los elementos marcaron el alto a una camioneta Nissan (tipo&nbsp; Estacas) y una camioneta Toyota Hilux, mismas que al realizar la inspecci\u00f3n de ambas unidades se localiz\u00f3 al interior de los veh\u00edculos droga conocida como cristal y armas (escopetas), por lo que inmediatamente procedieron a realizar la detenci\u00f3n de dos masculinos identificados como L. A. C. G. y de O. G. V.<\/p>\n\n\n\n<p>Las personas detenidas, as\u00ed como los objetos asegurados fueron puestos a disposici\u00f3n de la autoridad judicial que los requiri\u00f3, quien determinar\u00e1 su situaci\u00f3n jur\u00eddica en las pr\u00f3ximas horas.<\/p>\n\n\n\n<p>EN LA CUENCA<\/p>\n\n\n\n<p>En otra de las acciones contra la delincuencia, la Fiscal\u00eda General del Estado de Oaxaca (FGEO) en coordinaci\u00f3n con los tres niveles de gobierno, realiz\u00f3 cateos en jurisdicci\u00f3n de San Miguel Soyaltepec, en la regi\u00f3n de la Cuenca del Papaloapan, logrando asegurar drogas y la detenci\u00f3n de una persona del sexo masculino, quien era un objetivo prioritario.<\/p>\n\n\n\n<p>Dicha acci\u00f3n se realiz\u00f3 este 26 de junio del a\u00f1o en curso, en el que participaron elementos de la Agencia Estatal de Investigaciones (AEI) adscritos a la Vicefiscal\u00eda Regional de la Cuenca, adem\u00e1s de la intervenci\u00f3n de la Fiscal\u00eda General de la Rep\u00fablica (FGR), Secretar\u00eda de Marina (SEMAR), Guardia Nacional (GN) y elementos  de la Secretar\u00eda de Seguridad P\u00fablica de Oaxaca (SSPO), dando cumplimiento a la orden de cateo asentada en el cuaderno de antecedentes 27\/2022, por delito contra la salud en su modalidad de narcomenudeo en su hip\u00f3tesis de comercio de la droga conocida como cristal.<\/p>\n\n\n\n<p>En este sentido, las corporaciones catearon, en primera instancia, un domicilio particular ubicado inmediaciones de la colonia Heladio Ram\u00edrez, perteneciente a la referida demarcaci\u00f3n, donde aseguraron m\u00e1s de un centenar de bolsas que conten\u00edan droga conocida como cristal y se logr\u00f3 la detenci\u00f3n de una persona del sexo masculino identificada como J. M. A.<\/p>\n\n\n\n<p>Posteriormente, en otro domicilio particular ubicado en inmediaciones de la colonia Grandes Aguas en el referido municipio, se aseguraron bolsas de nylon que conten\u00edan droga conocida como cristal.<\/p>\n\n\n\n<p>La persona detenida fue puesta a disposici\u00f3n de la autoridad correspondiente, junto con la droga incautada.<\/p>\n\n\n\n<p>VINCULADO A PROCESO<\/p>\n\n\n\n<p>En otra acci\u00f3n, la Fiscal\u00eda General del Estado de Oaxaca (FGEO) obtuvo, del Juzgado de Control, auto de vinculaci\u00f3n a proceso contra la persona del sexo masculino identificada como A. M. R. C., se\u00f1alada como probable responsable del delito de homicidio doloso en agravio de quien en vida respondi\u00f3 al nombre de H. R. A., cometido en Oaxaca de Ju\u00e1rez, en la regi\u00f3n de Valles Centrales.<\/p>\n\n\n\n<p>De acuerdo con la causa penal 721\/2022, el 18 de junio de 2022, el imputado probablemente agredi\u00f3 con un arma blanca (navaja) a la v\u00edctima, cuando se encontraba en inmediaciones de la calle Benito Ju\u00e1rez, ubicada en la colonia Miguel Alem\u00e1n, perteneciente a la capital oaxaque\u00f1a, provoc\u00e1ndole lesiones que le causaron la muerte a H. R. A.<\/p>\n\n\n\n<p>Ante estos hechos, la instituci\u00f3n de procuraci\u00f3n de justicia inici\u00f3 las investigaciones correspondientes -a trav\u00e9s de la Fiscal\u00eda Especializada en Atenci\u00f3n a Delitos de Alto Impacto-, logrando presentar al imputado ante el Juzgado de Control.<\/p>\n\n\n\n<p>En audiencia y luego de validar los datos de prueba proporcionados por la FGEO, el Juez en turno determin\u00f3 vincular a proceso al imputado, imponi\u00e9ndole la medida cautelar de prisi\u00f3n preventiva oficiosa y otorg\u00f3 tres meses para el cierre de investigaci\u00f3n complementaria.<\/p>\n","protected":false},"excerpt":{"rendered":"<p>Redacci\u00f3n\/Zona Roja.&nbsp; Oaxaca de Ju\u00e1rez, Oax., 26 de junio de 2022.- La labor de investigaci\u00f3n&hellip;<\/p>\n","protected":false},"author":2,"featured_media":42828,"comment_status":"closed","ping_status":"open","sticky":false,"template":"","format":"standard","meta":{"_lmt_disableupdate":"","_lmt_disable":"","_jetpack_memberships_contains_paid_content":false,"footnotes":""},"categories":[109,46],"tags":[494],"class_list":["post-42827","post","type-post","status-publish","format-standard","has-post-thumbnail","hentry","category-minuto-a-minuto","category-zona-blanca","tag-fiscalia-general-del-estado-de-oaxaca"],"jetpack_featured_media_url":"https:\/\/zonaroja.com.mx\/wp-content\/uploads\/2022\/06\/Cateo-Fiscalia-Maria-Lombardo-de-Caso.jpg","jetpack_sharing_enabled":true,"_links":{"self":[{"href":"https:\/\/zonaroja.com.mx\/index.php?rest_route=\/wp\/v2\/posts\/42827","targetHints":{"allow":["GET"]}}],"collection":[{"href":"https:\/\/zonaroja.com.mx\/index.php?rest_route=\/wp\/v2\/posts"}],"about":[{"href":"https:\/\/zonaroja.com.mx\/index.php?rest_route=\/wp\/v2\/types\/post"}],"author":[{"embeddable":true,"href":"https:\/\/zonaroja.com.mx\/index.php?rest_route=\/wp\/v2\/users\/2"}],"replies":[{"embeddable":true,"href":"https:\/\/zonaroja.com.mx\/index.php?rest_route=%2Fwp%2Fv2%2Fcomments&post=42827"}],"version-history":[{"count":2,"href":"https:\/\/zonaroja.com.mx\/index.php?rest_route=\/wp\/v2\/posts\/42827\/revisions"}],"predecessor-version":[{"id":42832,"href":"https:\/\/zonaroja.com.mx\/index.php?rest_route=\/wp\/v2\/posts\/42827\/revisions\/42832"}],"wp:featuredmedia":[{"embeddable":true,"href":"https:\/\/zonaroja.com.mx\/index.php?rest_route=\/wp\/v2\/media\/42828"}],"wp:attachment":[{"href":"https:\/\/zonaroja.com.mx\/index.php?rest_route=%2Fwp%2Fv2%2Fmedia&parent=42827"}],"wp:term":[{"taxonomy":"category","embeddable":true,"href":"https:\/\/zonaroja.com.mx\/index.php?rest_route=%2Fwp%2Fv2%2Fcategories&post=42827"},{"taxonomy":"post_tag","embeddable":true,"href":"https:\/\/zonaroja.com.mx\/index.php?rest_route=%2Fwp%2Fv2%2Ftags&post=42827"}],"curies":[{"name":"wp","href":"https:\/\/api.w.org\/{rel}","templated":true}]}}