{"id":42833,"date":"2022-06-26T20:06:26","date_gmt":"2022-06-27T01:06:26","guid":{"rendered":"http:\/\/www.zonaroja.com.mx\/?p=42833"},"modified":"2022-06-26T20:06:27","modified_gmt":"2022-06-27T01:06:27","slug":"asesinan-a-una-mujer-policia-en-soyaltepec-oaxaca","status":"publish","type":"post","link":"https:\/\/zonaroja.com.mx\/?p=42833","title":{"rendered":"Asesinan a una mujer polic\u00eda en Soyaltepec, Oaxaca"},"content":{"rendered":"\n<p>Ismael Garc\u00eda M.\/Zona Roja. Foto: Cortes\u00eda<\/p>\n\n\n\n<p>Oaxaca de Ju\u00e1rez, Oax., 26 de junio de 2022.- Sujetos armados asesinaron a balazos esta tarde de domingo a una mujer polic\u00eda de San Miguel Soyaltepec, en el interior de una camioneta de transporte de pasajeros.<\/p>\n\n\n\n<p>La v\u00edctima fue identificada como Zoila Flor A. V., de aproximadamente 32 a\u00f1os de edad y viajaba en el interior de una camioneta de pasajeros tipo Urvan, con placas de circulaci\u00f3n TLM-9021, de la ruta Temascal, Oaxaca-Tierra Blanca, Veracruz.&nbsp;<\/p>\n\n\n\n<p>El crimen ser\u00eda presuntamente en respuesta a los recientes operativos realizados en dicho municipio de la regi\u00f3n de la Cuenca del Papaloapan, en que detuvieron a probables integrantes de una banda criminal, liderada por Modesta \u201cN\u201d.<\/p>\n\n\n\n<p>Hasta el momento se desconoce qui\u00e9n o qui\u00e9nes dieron muerte a la mujer polic\u00eda y la Vicefiscal\u00eda Regional de la Cuenca inici\u00f3 las indagatorias correspondientes.<\/p>\n","protected":false},"excerpt":{"rendered":"<p>Ismael Garc\u00eda M.\/Zona Roja. Foto: Cortes\u00eda Oaxaca de Ju\u00e1rez, Oax., 26 de junio de 2022.-&hellip;<\/p>\n","protected":false},"author":2,"featured_media":42834,"comment_status":"closed","ping_status":"open","sticky":false,"template":"","format":"standard","meta":{"_lmt_disableupdate":"","_lmt_disable":"","_jetpack_memberships_contains_paid_content":false,"footnotes":""},"categories":[109,51],"tags":[1037],"class_list":["post-42833","post","type-post","status-publish","format-standard","has-post-thumbnail","hentry","category-minuto-a-minuto","category-zona-roja","tag-san-miguel-soyaltepec"],"jetpack_featured_media_url":"https:\/\/zonaroja.com.mx\/wp-content\/uploads\/2022\/06\/Policia-asesinada-Soyaltepec.jpg","jetpack_sharing_enabled":true,"_links":{"self":[{"href":"https:\/\/zonaroja.com.mx\/index.php?rest_route=\/wp\/v2\/posts\/42833","targetHints":{"allow":["GET"]}}],"collection":[{"href":"https:\/\/zonaroja.com.mx\/index.php?rest_route=\/wp\/v2\/posts"}],"about":[{"href":"https:\/\/zonaroja.com.mx\/index.php?rest_route=\/wp\/v2\/types\/post"}],"author":[{"embeddable":true,"href":"https:\/\/zonaroja.com.mx\/index.php?rest_route=\/wp\/v2\/users\/2"}],"replies":[{"embeddable":true,"href":"https:\/\/zonaroja.com.mx\/index.php?rest_route=%2Fwp%2Fv2%2Fcomments&post=42833"}],"version-history":[{"count":1,"href":"https:\/\/zonaroja.com.mx\/index.php?rest_route=\/wp\/v2\/posts\/42833\/revisions"}],"predecessor-version":[{"id":42835,"href":"https:\/\/zonaroja.com.mx\/index.php?rest_route=\/wp\/v2\/posts\/42833\/revisions\/42835"}],"wp:featuredmedia":[{"embeddable":true,"href":"https:\/\/zonaroja.com.mx\/index.php?rest_route=\/wp\/v2\/media\/42834"}],"wp:attachment":[{"href":"https:\/\/zonaroja.com.mx\/index.php?rest_route=%2Fwp%2Fv2%2Fmedia&parent=42833"}],"wp:term":[{"taxonomy":"category","embeddable":true,"href":"https:\/\/zonaroja.com.mx\/index.php?rest_route=%2Fwp%2Fv2%2Fcategories&post=42833"},{"taxonomy":"post_tag","embeddable":true,"href":"https:\/\/zonaroja.com.mx\/index.php?rest_route=%2Fwp%2Fv2%2Ftags&post=42833"}],"curies":[{"name":"wp","href":"https:\/\/api.w.org\/{rel}","templated":true}]}}