{"id":4284,"date":"2019-09-25T22:55:35","date_gmt":"2019-09-26T03:55:35","guid":{"rendered":"http:\/\/www.zonaroja.com.mx\/?p=4284"},"modified":"2019-09-26T07:20:31","modified_gmt":"2019-09-26T12:20:31","slug":"mientras-gobierno-presume-seguridad-en-oaxaca-matan-a-balazos-a-cuatro","status":"publish","type":"post","link":"https:\/\/zonaroja.com.mx\/?p=4284","title":{"rendered":"Mientras gobierno presume seguridad en Oaxaca, matan a balazos a cinco"},"content":{"rendered":"\n<p>Ismael\nGarc\u00eda M.\/Zona Roja.<\/p>\n\n\n\n<p>Oaxaca de\nJu\u00e1rez, Oax., 25 de septiembre de 2019.- \u201cEl fortalecimiento institucional ha\npermitido avanzar en la reducci\u00f3n de \u00edndices delictivos en Oaxaca\u201d, presumi\u00f3 el\nGobierno del Estado este mi\u00e9rcoles, en conferencia de prensa de titulares de la\nFiscal\u00eda General del Estado y la Secretar\u00eda General del Estado.<\/p>\n\n\n\n<p>Sin embargo, las cifras de los presuntos logros fueron rebatidas por diversos hechos violentos durante el d\u00eda, que concluy\u00f3 con cinco personas asesinadas a balazos, entre ellas una mujer; un lesionado, asaltos a dos tiendas Oxxo, robo a negocios y de veh\u00edculos.<\/p>\n\n\n\n<p>Alrededor de\nlas nueve de la noche en Miahuatl\u00e1n de Porfirio D\u00edaz fue reportado un atentado en\ncontra del s\u00edndico municipal, Salvador Marco A. S\u00e1nchez y su esposa, quienes\nperdieron la vida, pero antes el hombre logr\u00f3 disparar en contra de sus\nagresores, uno de los cuales result\u00f3 herido.<\/p>\n\n\n\n<p>Poco\ndespu\u00e9s, en San Juan Bautista Tuxtepec, un individuo sufri\u00f3 una agresi\u00f3n armada\nen la colonia Siglo XXI; tras llevarlo al hospital, quien fue reconocido de\nmanera preliminar como Erick Ortega Parra, falleci\u00f3.<\/p>\n\n\n\n<p>En esa misma\ncomunidad de la regi\u00f3n de la Cuenca pero por la ma\u00f1ana, Anselmo Hern\u00e1ndez Ortiz,\nde 72 a\u00f1os de edad, fue ultimado en el interior de una tienda de abarrotes de\nla colonia La Soledad.<\/p>\n\n\n\n<p>Mientras que\ntambi\u00e9n por la ma\u00f1ana pero en la Costa, un mototaxista identificado como Jos\u00e9\nAlberto Ju\u00e1rez Ria\u00f1o, fue atacado a balazos en el interior de su unidad, a un\ncostado de la carretera federal 200, en jurisdicci\u00f3n de San Jos\u00e9 del Progreso,\nVilla de Tututepec.<\/p>\n\n\n\n<p>En ese\ncontexto, a lo lardo del d\u00eda ocurrieron dos asaltos a tiendas Oxxo, una en el\ncentro de la ciudad de Oaxaca, en la calle Mier y Ter\u00e1n esquina con avenida\nHidalgo, y otra en Santiaguito, Etla.<\/p>\n\n\n\n<p>Y en\nJuchit\u00e1n de Zaragoza, tan s\u00f3lo este mi\u00e9rcoles fue robado un veh\u00edculo marca\nChevrolet modelo Chevy Sedan 2010, de color blanco, con placas TLS8261 de\nOaxaca; en tanto en la madrugada asaltaron la cl\u00ednica Dental del Ahorro. En\ntodos los casos no hubo personas detenidas.<\/p>\n","protected":false},"excerpt":{"rendered":"<p>Ismael Garc\u00eda M.\/Zona Roja. Oaxaca de Ju\u00e1rez, Oax., 25 de septiembre de 2019.- \u201cEl fortalecimiento&hellip;<\/p>\n","protected":false},"author":2,"featured_media":4285,"comment_status":"closed","ping_status":"open","sticky":false,"template":"","format":"standard","meta":{"_lmt_disableupdate":"","_lmt_disable":"","_jetpack_memberships_contains_paid_content":false,"footnotes":""},"categories":[109,51],"tags":[770],"class_list":["post-4284","post","type-post","status-publish","format-standard","has-post-thumbnail","hentry","category-minuto-a-minuto","category-zona-roja","tag-cuatro-ejecutados-en-oaxaca"],"jetpack_featured_media_url":"https:\/\/zonaroja.com.mx\/wp-content\/uploads\/2019\/09\/Image-1-19.png","jetpack_sharing_enabled":true,"_links":{"self":[{"href":"https:\/\/zonaroja.com.mx\/index.php?rest_route=\/wp\/v2\/posts\/4284","targetHints":{"allow":["GET"]}}],"collection":[{"href":"https:\/\/zonaroja.com.mx\/index.php?rest_route=\/wp\/v2\/posts"}],"about":[{"href":"https:\/\/zonaroja.com.mx\/index.php?rest_route=\/wp\/v2\/types\/post"}],"author":[{"embeddable":true,"href":"https:\/\/zonaroja.com.mx\/index.php?rest_route=\/wp\/v2\/users\/2"}],"replies":[{"embeddable":true,"href":"https:\/\/zonaroja.com.mx\/index.php?rest_route=%2Fwp%2Fv2%2Fcomments&post=4284"}],"version-history":[{"count":2,"href":"https:\/\/zonaroja.com.mx\/index.php?rest_route=\/wp\/v2\/posts\/4284\/revisions"}],"predecessor-version":[{"id":4287,"href":"https:\/\/zonaroja.com.mx\/index.php?rest_route=\/wp\/v2\/posts\/4284\/revisions\/4287"}],"wp:featuredmedia":[{"embeddable":true,"href":"https:\/\/zonaroja.com.mx\/index.php?rest_route=\/wp\/v2\/media\/4285"}],"wp:attachment":[{"href":"https:\/\/zonaroja.com.mx\/index.php?rest_route=%2Fwp%2Fv2%2Fmedia&parent=4284"}],"wp:term":[{"taxonomy":"category","embeddable":true,"href":"https:\/\/zonaroja.com.mx\/index.php?rest_route=%2Fwp%2Fv2%2Fcategories&post=4284"},{"taxonomy":"post_tag","embeddable":true,"href":"https:\/\/zonaroja.com.mx\/index.php?rest_route=%2Fwp%2Fv2%2Ftags&post=4284"}],"curies":[{"name":"wp","href":"https:\/\/api.w.org\/{rel}","templated":true}]}}