{"id":42843,"date":"2022-06-27T07:50:53","date_gmt":"2022-06-27T12:50:53","guid":{"rendered":"http:\/\/www.zonaroja.com.mx\/?p=42843"},"modified":"2022-06-27T07:50:54","modified_gmt":"2022-06-27T12:50:54","slug":"como-para-cuando-amlo-dejara-de-culpar-a-otros-de-criticas-y-fracasos","status":"publish","type":"post","link":"https:\/\/zonaroja.com.mx\/?p=42843","title":{"rendered":"\u00bfC\u00f3mo para cu\u00e1ndo AMLO dejar\u00e1 de culpar a otros de cr\u00edticas y fracasos?"},"content":{"rendered":"\n<p>Ismael Garc\u00eda M.\/Zona Roja.<\/p>\n\n\n\n<p>Oaxaca de Ju\u00e1rez, Oax., 27 de junio de 2022.- Rebasados los tres a\u00f1os y medio de su sexenio, resulta incre\u00edble que Andr\u00e9s Manuel L\u00f3pez Obrador siga culpando de sus errores y fracasos a los dem\u00e1s.<\/p>\n\n\n\n<p>Si hay inseguridad y crece el crimen organizado, es culpa de los conservadores y de Felipe Calder\u00f3n; si la econom\u00eda nacional va en picada; es culpa de los conservadores; si hay acusaciones de fraude y dispendio en este sexenio, es culpa de los conservadores; si encarecen los productos b\u00e1sicos, es culpa de los conservadores.<\/p>\n\n\n\n<p>Conservadores y neoliberales que no tienen ni pies ni cabeza, mucho menos identidad, pero que son un buen pretexto cuando de exculparse se trata, m\u00e1s a\u00fan cuando hay cr\u00edticas hacia la gesti\u00f3n presidencial ya en declive.<\/p>\n\n\n\n<p>Como opositor, L\u00f3pez Obrador mantuvo una f\u00e9rrea cr\u00edtica a los gobiernos priistas, desde Carlos Salinas de Gortari hasta Enrique Pe\u00f1a Nieto. Pero arranc\u00f3 su gobierno, el 1 de diciembre de 2018, y se olvid\u00f3 de ellos.<\/p>\n\n\n\n<p>Y desde el p\u00falpito de sus conferencias matutinas, de lunes a viernes, atiza en contra de los cr\u00edticos, incluyendo periodistas, cuando se le se\u00f1alan sus errores, que los ha tenido; ensalza la llamada Cuarta Transformaci\u00f3n del pa\u00eds, cuando conviene a sus intereses. Pero jam\u00e1s reconoce yerros ni mucho menos cambia estrategias y programas.<\/p>\n\n\n\n<p>\u00bfY PE\u00d1A NIETO?<\/p>\n\n\n\n<p>Pero llama la atenci\u00f3n que toda la responsabilidad de lo negativo de la naci\u00f3n es de Felipe Calder\u00f3n, como si \u00e9l o el PAN hubiera gobernado por d\u00e9cadas; muy poco se menciona a Vicente Fox y casi de nada se culpa a Enrique Pe\u00f1a Nieto; mucho menos a Carlos Salinas de Gortari, como lo hac\u00eda cuando era opositor al gobierno.<\/p>\n\n\n\n<p>Por citar un ejemplo, recientemente se dieron a conocer las cifras de los homicidios dolosos cada sexenio y el de Andr\u00e9s Manuel rebas\u00f3 (124 mil 326), con poco m\u00e1s de tres a\u00f1os, a los cometidos en lapso similar de los mandatos de Pe\u00f1a Nieto (74 mil 737), Felipe Calder\u00f3n (53 mil 319) y Vicente Fox (35 mil 309).<\/p>\n\n\n\n<p>Pero la culpa de la creciente ola delictiva y de los cr\u00edmenes, lo tienen Felipe Calder\u00f3n y quien fuera su secretario de Seguridad, Genaro Garc\u00eda Luna; ninguna responsabilidad ni autocr\u00edtica, para aceptar el fracaso del esquema \u201cabrazos, no balazos\u201d.<\/p>\n\n\n\n<p>\u00bfPe\u00f1a Nieto? Ninguna cr\u00edtica y por el contrario, ha habido al menos dos exculpaciones p\u00fablicas; y cuando el gobierno de los Estados Unidos detuvo al general Salvador Cienfuegos, en octubre de 2020, de inmediato se hicieron los exhortos y las peticiones diplom\u00e1ticas y presidenciales correspondientes para que fuera exculpado y tra\u00eddo a M\u00e9xico.<\/p>\n\n\n\n<p>Pe\u00f1a Nieto, feliz con su nuevo matrimonio, disfruta en Espa\u00f1a con su nueva pareja de los rendimientos de sus multimillonarias inversiones, de dinero presuntamente malhabido.<\/p>\n\n\n\n<p>\u00bfEl PRI? En plena alianza con Morena y por lo tanto no hay cr\u00edticas ni se\u00f1alamientos; con el ex presidente de M\u00e9xico, pues evidentemente hubo pactos que L\u00f3pez Obrador ha sabido respetar\u2026 as\u00ed sea para proteger ilegalidades.<\/p>\n\n\n\n<p>Evidentemente que hay ex funcionarios y pol\u00edticos responsables de la grave crisis que vive el pa\u00eds ahora; evidentemente que la situaci\u00f3n no se puede revertir en cuatro a\u00f1os o en un sexenio o en una d\u00e9cada.<\/p>\n\n\n\n<p>Pero, \u00bfpor qu\u00e9 no empezar con la ley en la mano? \u00bfTienen la culpa Calder\u00f3n y el PAN y los conservadores? \u00a1Pues a juicio ante la ley!&nbsp;<\/p>\n\n\n\n<p>En absoluto se les defiende. Pero si hay responsables del desastre, a la c\u00e1rcel; basta ya de culpar a otros de errores y fracasos.<\/p>\n\n\n\n<p>Basta tambi\u00e9n de perder el tiempo en politiquer\u00edas y promover a funcionarios de primer nivel en actos proselitistas cada fin de semana\u2026 como si el pa\u00eds no viviera una crisis.<\/p>\n\n\n\n<p>\u00bfHAR\u00c1 LO MISMO?<\/p>\n\n\n\n<p>En Oaxaca no es diferente la situaci\u00f3n. Lleg\u00f3 Gabino Cu\u00e9 y critic\u00f3 a Ulises Ruiz Ortiz, pero nunca lo someti\u00f3 a juicio ni al ex gobernador ni a sus secretarios de Estado.<\/p>\n\n\n\n<p>Acaso una leve indagatoria en contra de Miguel \u00c1ngel Ortega Habib y detenci\u00f3n simulada de no m\u00e1s de dos a\u00f1os de Bulmaro Rito Salinas, pero por una nimia acusaci\u00f3n; todos ellos siguen disfrutando del presunto enriquecimiento il\u00edcito.<\/p>\n\n\n\n<p>Alejandro Murat venci\u00f3 a Salom\u00f3n Jara Cruz pero jam\u00e1s se atrevi\u00f3 a tocar con el p\u00e9talo de una indagatoria al ex mandatario Cu\u00e9 Monteagudo, que no dej\u00f3 ninguna obra relevante en su sexenio.<\/p>\n\n\n\n<p>Acaso sigue en la c\u00e1rcel el doctor Germ\u00e1n Tenorio Vasconcelos, pero no por un desfalco multimillonario, sino por una malversaci\u00f3n de fondos; Salom\u00f3n Jara dej\u00f3 de ser investigado por supuesta irregularidad en la Sedapa y Carlos Moreno Alc\u00e1ntara por un corto periodo en la c\u00e1rcel, para despu\u00e9s ser exculpado. No m\u00e1s.<\/p>\n\n\n\n<p>Lamentablemente as\u00ed se practica la pol\u00edtica en M\u00e9xico. Y esa misma ruta parece que seguir\u00e1 Salom\u00f3n Jara Cruz con quien ser\u00e1 su antecesor y contra su banda tra\u00edda del Estado de M\u00e9xico.<\/p>\n","protected":false},"excerpt":{"rendered":"<p>Ismael Garc\u00eda M.\/Zona Roja. Oaxaca de Ju\u00e1rez, Oax., 27 de junio de 2022.- Rebasados los&hellip;<\/p>\n","protected":false},"author":2,"featured_media":41735,"comment_status":"closed","ping_status":"open","sticky":false,"template":"","format":"standard","meta":{"_lmt_disableupdate":"","_lmt_disable":"","_jetpack_memberships_contains_paid_content":false,"footnotes":""},"categories":[456,109,48],"tags":[1353],"class_list":["post-42843","post","type-post","status-publish","format-standard","has-post-thumbnail","hentry","category-columna","category-minuto-a-minuto","category-zona-critica","tag-opinion-zona-critica"],"jetpack_featured_media_url":"https:\/\/zonaroja.com.mx\/wp-content\/uploads\/2022\/05\/Opinion-Ismael-Garcia-M.jpg","jetpack_sharing_enabled":true,"_links":{"self":[{"href":"https:\/\/zonaroja.com.mx\/index.php?rest_route=\/wp\/v2\/posts\/42843","targetHints":{"allow":["GET"]}}],"collection":[{"href":"https:\/\/zonaroja.com.mx\/index.php?rest_route=\/wp\/v2\/posts"}],"about":[{"href":"https:\/\/zonaroja.com.mx\/index.php?rest_route=\/wp\/v2\/types\/post"}],"author":[{"embeddable":true,"href":"https:\/\/zonaroja.com.mx\/index.php?rest_route=\/wp\/v2\/users\/2"}],"replies":[{"embeddable":true,"href":"https:\/\/zonaroja.com.mx\/index.php?rest_route=%2Fwp%2Fv2%2Fcomments&post=42843"}],"version-history":[{"count":1,"href":"https:\/\/zonaroja.com.mx\/index.php?rest_route=\/wp\/v2\/posts\/42843\/revisions"}],"predecessor-version":[{"id":42844,"href":"https:\/\/zonaroja.com.mx\/index.php?rest_route=\/wp\/v2\/posts\/42843\/revisions\/42844"}],"wp:featuredmedia":[{"embeddable":true,"href":"https:\/\/zonaroja.com.mx\/index.php?rest_route=\/wp\/v2\/media\/41735"}],"wp:attachment":[{"href":"https:\/\/zonaroja.com.mx\/index.php?rest_route=%2Fwp%2Fv2%2Fmedia&parent=42843"}],"wp:term":[{"taxonomy":"category","embeddable":true,"href":"https:\/\/zonaroja.com.mx\/index.php?rest_route=%2Fwp%2Fv2%2Fcategories&post=42843"},{"taxonomy":"post_tag","embeddable":true,"href":"https:\/\/zonaroja.com.mx\/index.php?rest_route=%2Fwp%2Fv2%2Ftags&post=42843"}],"curies":[{"name":"wp","href":"https:\/\/api.w.org\/{rel}","templated":true}]}}