{"id":42845,"date":"2022-06-27T08:11:01","date_gmt":"2022-06-27T13:11:01","guid":{"rendered":"http:\/\/www.zonaroja.com.mx\/?p=42845"},"modified":"2022-06-27T08:11:02","modified_gmt":"2022-06-27T13:11:02","slug":"recrudece-violencia-en-mexico-matan-a-seis-policias-en-nuevo-leon","status":"publish","type":"post","link":"https:\/\/zonaroja.com.mx\/?p=42845","title":{"rendered":"Recrudece violencia en M\u00e9xico: matan a seis polic\u00edas en Nuevo Le\u00f3n"},"content":{"rendered":"\n<p>Redacci\u00f3n\/Zona Roja Cdmx.<\/p>\n\n\n\n<p>Ciudad de M\u00e9xico, 27 de junio de 2022.- Seis polic\u00edas asesinados y cuatro m\u00e1s lesionados es el saldo de un ataque armado ocurrido ayer en el estado de Nuevo Le\u00f3n.<\/p>\n\n\n\n<p>La emboscada ocurri\u00f3 en la carretera al Puente Colombia, en jurisdicci\u00f3n del municipio de An\u00e1huac, en que un convoy policiaco con dos patrullas de la Fuerza Civil fue emboscado.<\/p>\n\n\n\n<p>Tres de los elementos murieron en el lugar del ataque, otros tres agentes fueron secuestrados y posteriormente ejecutados, mientras que cuatro m\u00e1s resultaron heridos, de acuerdo con reportes policiacos.<\/p>\n\n\n\n<p>Presuntamente los autores de la masacre son miembros de la delincuencia organizada, que viajaban en al menos 10 camionetas blindadas y portaban armas de grueso calibre, seg\u00fan la Secretar\u00eda de Seguridad P\u00fablica del estado.<\/p>\n\n\n\n<p>Los polic\u00edas que murieron durante la emboscada fueron identificados como Carlos Andr\u00e9s Hern\u00e1ndez de la Cruz, Alfonso Cruz Gonz\u00e1lez y Humberto Ascenci\u00f3n Ramos Oaxaca.<\/p>\n\n\n\n<p>Los agentes secuestrados y ejecutados son Evelyn Lizeth G\u00f3mez Kruegel, Fidel Alejandro Olvera Guti\u00e9rrez e Idelfonso Francisco del \u00c1ngel.<\/p>\n\n\n\n<p>TAMAULIPAS<\/p>\n\n\n\n<p>Mientras tanto, un grupo armado embosc\u00f3 una patrulla de la polic\u00eda estatal de Tamaulipas, en el municipio de Mante, y asesin\u00f3 a un elemento, adem\u00e1s de lesionar a otros dos agentes.<\/p>\n\n\n\n<p>Los hechos sucedieron este fin de semana en la colonia Uni\u00f3n Burocr\u00e1tica sector 1 y 2 al suroriente de la ciudad.<\/p>\n\n\n\n<p>Debido a las armas de alto poder, la patrulla fue deshecha por los impactos de bala que alcanzaron a herir a Eliezer \u201cR\u201d,&nbsp; Marco Antonio \u201cB\u201d y Lorenzo Antonio \u201cE\u201d.<\/p>\n\n\n\n<p>Cuando llego el apoyo el oficial Eliezer \u201cR\u201d hab\u00eda muerto y delicado de salud es reportado Marco Antonio debido a que corre el riesgo de perder una pierna.<\/p>\n\n\n\n<p>MORELOS<\/p>\n\n\n\n<p>Por otra parte, ayer domingo se registraron disparos de arma de fuego en un centro comercial de la ciudad de Cuernavaca, Morelos.<\/p>\n\n\n\n<p>No obstante, la autoridad estatal precis\u00f3 posteriormente que se trat\u00f3 del ronbo en un local de ropa y cuyos probables delincuentes fueron perseguidos por polic\u00edas de seguridad privada, quienes accionaron sus armas.<\/p>\n\n\n\n<p>No huno ninguna persona lesionada pero tampoco detenci\u00f3n de los supuestos asaltantes.<\/p>\n","protected":false},"excerpt":{"rendered":"<p>Redacci\u00f3n\/Zona Roja Cdmx. Ciudad de M\u00e9xico, 27 de junio de 2022.- Seis polic\u00edas asesinados y&hellip;<\/p>\n","protected":false},"author":2,"featured_media":42846,"comment_status":"closed","ping_status":"open","sticky":false,"template":"","format":"standard","meta":{"_lmt_disableupdate":"","_lmt_disable":"","_jetpack_memberships_contains_paid_content":false,"footnotes":""},"categories":[109,51],"tags":[2771],"class_list":["post-42845","post","type-post","status-publish","format-standard","has-post-thumbnail","hentry","category-minuto-a-minuto","category-zona-roja","tag-masacre-tamaulipas"],"jetpack_featured_media_url":"https:\/\/zonaroja.com.mx\/wp-content\/uploads\/2022\/06\/Ataque-policias-Tamaulipas.jpeg","jetpack_sharing_enabled":true,"_links":{"self":[{"href":"https:\/\/zonaroja.com.mx\/index.php?rest_route=\/wp\/v2\/posts\/42845","targetHints":{"allow":["GET"]}}],"collection":[{"href":"https:\/\/zonaroja.com.mx\/index.php?rest_route=\/wp\/v2\/posts"}],"about":[{"href":"https:\/\/zonaroja.com.mx\/index.php?rest_route=\/wp\/v2\/types\/post"}],"author":[{"embeddable":true,"href":"https:\/\/zonaroja.com.mx\/index.php?rest_route=\/wp\/v2\/users\/2"}],"replies":[{"embeddable":true,"href":"https:\/\/zonaroja.com.mx\/index.php?rest_route=%2Fwp%2Fv2%2Fcomments&post=42845"}],"version-history":[{"count":1,"href":"https:\/\/zonaroja.com.mx\/index.php?rest_route=\/wp\/v2\/posts\/42845\/revisions"}],"predecessor-version":[{"id":42847,"href":"https:\/\/zonaroja.com.mx\/index.php?rest_route=\/wp\/v2\/posts\/42845\/revisions\/42847"}],"wp:featuredmedia":[{"embeddable":true,"href":"https:\/\/zonaroja.com.mx\/index.php?rest_route=\/wp\/v2\/media\/42846"}],"wp:attachment":[{"href":"https:\/\/zonaroja.com.mx\/index.php?rest_route=%2Fwp%2Fv2%2Fmedia&parent=42845"}],"wp:term":[{"taxonomy":"category","embeddable":true,"href":"https:\/\/zonaroja.com.mx\/index.php?rest_route=%2Fwp%2Fv2%2Fcategories&post=42845"},{"taxonomy":"post_tag","embeddable":true,"href":"https:\/\/zonaroja.com.mx\/index.php?rest_route=%2Fwp%2Fv2%2Ftags&post=42845"}],"curies":[{"name":"wp","href":"https:\/\/api.w.org\/{rel}","templated":true}]}}