{"id":42848,"date":"2022-06-27T08:15:43","date_gmt":"2022-06-27T13:15:43","guid":{"rendered":"http:\/\/www.zonaroja.com.mx\/?p=42848"},"modified":"2022-06-27T08:15:45","modified_gmt":"2022-06-27T13:15:45","slug":"alarma-de-covid-en-oaxaca-crece-en-un-32-44-los-casos-en-una-semana","status":"publish","type":"post","link":"https:\/\/zonaroja.com.mx\/?p=42848","title":{"rendered":"Alarma de Covid en Oaxaca: crece en un 32.44% los casos en una semana"},"content":{"rendered":"\n<p>Redacci\u00f3n\/Zona Roja.&nbsp;<\/p>\n\n\n\n<p>Oaxaca de Ju\u00e1rez, Oax., 27 de junio de 2022.- Durante el resumen semanal de la situaci\u00f3n epidemiol\u00f3gica actual de la pandemia por Covid-19 en la entidad, la dependencia Servicios de Salud de Oaxaca (SSO) que, durante el per\u00edodo comprendido del 19 al 25 de junio, Oaxaca registr\u00f3 un acumulado de 124 mil 403 casos confirmados del virus SARS-CoV-2.<\/p>\n\n\n\n<p>De los cuales mil 535 se contabilizaron en esta \u00faltima semana, lo que significa que hubo un incremento del 32.44% en comparaci\u00f3n a la semana anterior, expuso en un comunicado.<\/p>\n\n\n\n<p>Mientras que el global de defunciones desde el inicio de la pandemia a la fecha se coloc\u00f3 en seis mil 225 p\u00e9rdidas de vidas humanas. En tanto, en los \u00faltimos siete d\u00edas se contabilizaron tres decesos a causa de esta patolog\u00eda respiratoria y el promedio de ocupaci\u00f3n hospitalaria para la atenci\u00f3n a pacientes con complicaciones derivadas de esta enfermedad fue de 7.8%.<\/p>\n\n\n\n<p>Advirti\u00f3 que es de suma importancia continuar implementando con disciplina las medidas sanitarias vigentes para frenar los contagios como son: el uso correcto del cubrebocas, el lavado de manos frecuente con agua y jab\u00f3n, mantener la sana distancia, as\u00ed como priorizar los espacios abiertos y con buena ventilaci\u00f3n.<\/p>\n\n\n\n<p>\u201cAdem\u00e1s de acudir a vacunarse cuando corresponda dependiendo de los grupos de edad, pues gracias a las vacunas se ha logrado reducir la enfermedad severa y grave, sin embargo, no debemos confiarnos\u201d, se\u00f1al\u00f3.<\/p>\n\n\n\n<p>En este sentido, exhort\u00f3 a las mam\u00e1s, pap\u00e1s y tutores de menores 5 a 11 a\u00f1os, para que los registren en el portal \u201cMi Vacuna\u00bb de la Secretar\u00eda de Salud Federal, con la finalidad de recibir el biol\u00f3gico y estar al pendiente de la informaci\u00f3n que difunda el sector Salud sobre los puntos de vacunaci\u00f3n que se abrir\u00e1n.<\/p>\n","protected":false},"excerpt":{"rendered":"<p>Redacci\u00f3n\/Zona Roja.&nbsp; Oaxaca de Ju\u00e1rez, Oax., 27 de junio de 2022.- Durante el resumen semanal&hellip;<\/p>\n","protected":false},"author":2,"featured_media":42849,"comment_status":"closed","ping_status":"open","sticky":false,"template":"","format":"standard","meta":{"_lmt_disableupdate":"","_lmt_disable":"","_jetpack_memberships_contains_paid_content":false,"footnotes":""},"categories":[109,47],"tags":[1512],"class_list":["post-42848","post","type-post","status-publish","format-standard","has-post-thumbnail","hentry","category-minuto-a-minuto","category-zona-gris","tag-coronavirus-oaxaca"],"jetpack_featured_media_url":"https:\/\/zonaroja.com.mx\/wp-content\/uploads\/2022\/06\/Marcha-coronavirus-Covid-ciudad-de-Oaxaca.jpg","jetpack_sharing_enabled":true,"_links":{"self":[{"href":"https:\/\/zonaroja.com.mx\/index.php?rest_route=\/wp\/v2\/posts\/42848","targetHints":{"allow":["GET"]}}],"collection":[{"href":"https:\/\/zonaroja.com.mx\/index.php?rest_route=\/wp\/v2\/posts"}],"about":[{"href":"https:\/\/zonaroja.com.mx\/index.php?rest_route=\/wp\/v2\/types\/post"}],"author":[{"embeddable":true,"href":"https:\/\/zonaroja.com.mx\/index.php?rest_route=\/wp\/v2\/users\/2"}],"replies":[{"embeddable":true,"href":"https:\/\/zonaroja.com.mx\/index.php?rest_route=%2Fwp%2Fv2%2Fcomments&post=42848"}],"version-history":[{"count":1,"href":"https:\/\/zonaroja.com.mx\/index.php?rest_route=\/wp\/v2\/posts\/42848\/revisions"}],"predecessor-version":[{"id":42850,"href":"https:\/\/zonaroja.com.mx\/index.php?rest_route=\/wp\/v2\/posts\/42848\/revisions\/42850"}],"wp:featuredmedia":[{"embeddable":true,"href":"https:\/\/zonaroja.com.mx\/index.php?rest_route=\/wp\/v2\/media\/42849"}],"wp:attachment":[{"href":"https:\/\/zonaroja.com.mx\/index.php?rest_route=%2Fwp%2Fv2%2Fmedia&parent=42848"}],"wp:term":[{"taxonomy":"category","embeddable":true,"href":"https:\/\/zonaroja.com.mx\/index.php?rest_route=%2Fwp%2Fv2%2Fcategories&post=42848"},{"taxonomy":"post_tag","embeddable":true,"href":"https:\/\/zonaroja.com.mx\/index.php?rest_route=%2Fwp%2Fv2%2Ftags&post=42848"}],"curies":[{"name":"wp","href":"https:\/\/api.w.org\/{rel}","templated":true}]}}