{"id":42851,"date":"2022-06-27T13:29:45","date_gmt":"2022-06-27T18:29:45","guid":{"rendered":"https:\/\/www.zonaroja.com.mx\/?p=42851"},"modified":"2022-06-27T13:32:40","modified_gmt":"2022-06-27T18:32:40","slug":"asesinan-a-un-taxista-en-la-region-mixteca-de-oaxaca-se-llevan-vehiculo","status":"publish","type":"post","link":"https:\/\/zonaroja.com.mx\/?p=42851","title":{"rendered":"Asesinan a un taxista en la regi\u00f3n Mixteca de Oaxaca; se llevan veh\u00edculo"},"content":{"rendered":"\n<p>Redacci\u00f3n\/Zona Roja.&nbsp;<\/p>\n\n\n\n<p>Oaxaca de Ju\u00e1rez, Oax., 27 de junio de 2022.- Un taxista fue asesinado la madrugada de este lunes en Santiago Juxtlahuaca, en la regi\u00f3n Mixteca de Oaxaca, y su unidad de motor a\u00fan no ha sido localizada.<\/p>\n\n\n\n<p>El cuerpo fue localizado a un costado de una carretera local, a la altura del paraje \u201cLoma El Cuervo\u201d, en inmediaciones de la comunidad El Diamante Copala.&nbsp;<\/p>\n\n\n\n<p>Presenta varios golpes en diversas partes y de manera preliminar fue identificado como Lorenzo R. L., quien conduc\u00eda un taxi del sitio \u201cEl Diamante\u201d de Juxtlahuaca.&nbsp;<\/p>\n\n\n\n<p>Hasta el momento a\u00fan no localizan la unidad de motor del servicio de alquiler; tampoco hay personas detenidas por este caso y mucho menos se tienen incisivos del o de los probables autores del probable homicidio.&nbsp;<\/p>\n\n\n\n<p>Personal de la Vicefiscal\u00eda Regional de la Mixteca inici\u00f3 las indagatorias correspondientes. <\/p>\n","protected":false},"excerpt":{"rendered":"<p>Redacci\u00f3n\/Zona Roja.&nbsp; Oaxaca de Ju\u00e1rez, Oax., 27 de junio de 2022.- Un taxista fue asesinado&hellip;<\/p>\n","protected":false},"author":2,"featured_media":7486,"comment_status":"closed","ping_status":"open","sticky":false,"template":"","format":"standard","meta":{"_lmt_disableupdate":"","_lmt_disable":"","_jetpack_memberships_contains_paid_content":false,"footnotes":""},"categories":[109,51],"tags":[826],"class_list":["post-42851","post","type-post","status-publish","format-standard","has-post-thumbnail","hentry","category-minuto-a-minuto","category-zona-roja","tag-santiago-juxtlahuaca"],"jetpack_featured_media_url":"https:\/\/zonaroja.com.mx\/wp-content\/uploads\/2020\/01\/Escena-del-crimen7.jpg","jetpack_sharing_enabled":true,"_links":{"self":[{"href":"https:\/\/zonaroja.com.mx\/index.php?rest_route=\/wp\/v2\/posts\/42851","targetHints":{"allow":["GET"]}}],"collection":[{"href":"https:\/\/zonaroja.com.mx\/index.php?rest_route=\/wp\/v2\/posts"}],"about":[{"href":"https:\/\/zonaroja.com.mx\/index.php?rest_route=\/wp\/v2\/types\/post"}],"author":[{"embeddable":true,"href":"https:\/\/zonaroja.com.mx\/index.php?rest_route=\/wp\/v2\/users\/2"}],"replies":[{"embeddable":true,"href":"https:\/\/zonaroja.com.mx\/index.php?rest_route=%2Fwp%2Fv2%2Fcomments&post=42851"}],"version-history":[{"count":1,"href":"https:\/\/zonaroja.com.mx\/index.php?rest_route=\/wp\/v2\/posts\/42851\/revisions"}],"predecessor-version":[{"id":42852,"href":"https:\/\/zonaroja.com.mx\/index.php?rest_route=\/wp\/v2\/posts\/42851\/revisions\/42852"}],"wp:featuredmedia":[{"embeddable":true,"href":"https:\/\/zonaroja.com.mx\/index.php?rest_route=\/wp\/v2\/media\/7486"}],"wp:attachment":[{"href":"https:\/\/zonaroja.com.mx\/index.php?rest_route=%2Fwp%2Fv2%2Fmedia&parent=42851"}],"wp:term":[{"taxonomy":"category","embeddable":true,"href":"https:\/\/zonaroja.com.mx\/index.php?rest_route=%2Fwp%2Fv2%2Fcategories&post=42851"},{"taxonomy":"post_tag","embeddable":true,"href":"https:\/\/zonaroja.com.mx\/index.php?rest_route=%2Fwp%2Fv2%2Ftags&post=42851"}],"curies":[{"name":"wp","href":"https:\/\/api.w.org\/{rel}","templated":true}]}}