{"id":42859,"date":"2022-06-27T17:42:37","date_gmt":"2022-06-27T22:42:37","guid":{"rendered":"https:\/\/www.zonaroja.com.mx\/?p=42859"},"modified":"2022-06-27T17:42:48","modified_gmt":"2022-06-27T22:42:48","slug":"oaxaca-inicia-otra-semana-con-protestas-ahora-en-la-capital-sierra-sur-e-istmo","status":"publish","type":"post","link":"https:\/\/zonaroja.com.mx\/?p=42859","title":{"rendered":"Oaxaca inicia otra semana con protestas; ahora en la capital, Sierra Sur e Istmo"},"content":{"rendered":"\n<p>Yuridiana Sosa\/Zona Roja.<\/p>\n\n\n\n<p>Oaxaca de Ju\u00e1rez, Oax., 27 de junio de 2022.- La \u00faltima semana de junio comenz\u00f3 en Oaxaca con protestas y bloqueos en tres regiones de la entidad.&nbsp;<\/p>\n\n\n\n<p>Por tercera semana consecutiva, un grupo de trabajadores del Hospital Civil \u201cDr. Aurelio Valdivieso\u201d contin\u00faan con acciones de protesta para exigir cumplimiento a sus demandas.&nbsp;<\/p>\n\n\n\n<p>Se trata de un grupo perteneciente a la Subsecci\u00f3n 07 de la secci\u00f3n 35 del Sindicato Nacional de Trabajadores de la Secretar\u00eda de Salud (SNTSA) que desde el pasado 14 de junio inici\u00f3 una jornada en demanda de insumos y mantenimiento para las \u00e1reas de camilleros, lavander\u00eda y transporte, principalmente.&nbsp;<\/p>\n\n\n\n<p>Para&nbsp;este lunes, la protesta continu\u00f3 con un bloqueo en vialidades alrededor de la fuente Ocho Regiones, a un costado del nosocomio al norte de la ciudad.&nbsp;<\/p>\n\n\n\n<p>\u201cSr. Gobernador solicitamos su intervenci\u00f3n inmediata para la soluci\u00f3n al pliego de demandas de los trabajadores del Hospital General \u2018Dr. Aurelio Valdivieso\u2019; \u2018Exigimos equipos de calidad\u2019, \u201cpor falta de gasolina no habr\u00e1 veh\u00edculos utilitarios ni ambulancias\u201d, se lee en sus pancartas.&nbsp;<\/p>\n\n\n\n<p>Sin embargo, la lucha encabezada por la dirigencia sindical del hospital est\u00e1 dividida, pues un grupo disidente desconoci\u00f3 el movimiento al se\u00f1alar que se trata solo de intereses pol\u00edticos y personales, a pesar de las visibles carencias.<\/p>\n\n\n\n<p>OTRAS REGIONES<\/p>\n\n\n\n<p>En la regi\u00f3n del Istmo, habitantes de la agencia de Puente Madera, del municipio de San Blas Atempa, activaron un bloqueo en el tramo Juchit\u00e1n-Tehuantepec, afectando la vialidad para el municipio de Salina Cruz.<\/p>\n\n\n\n<p>Los vecinos inconformes reclamaron que no se aplicaron consensos para la venta de tierras que ser\u00e1n ocupadas en el proyecto del Corredor Interoce\u00e1nico.&nbsp;<\/p>\n\n\n\n<p>Para exigir soluci\u00f3n a este problema, la asamblea de la comunidad determin\u00f3 realizar acciones de protestas.&nbsp;<\/p>\n\n\n\n<p>Mientras que en Miahuatl\u00e1n de Porfirio D\u00edaz, habitantes tambi\u00e9n cerraron vialidades para obtener atenci\u00f3n de la autoridad municipal a cargo de Jos\u00e9 Alberto Mart\u00ednez Luna, pues desde el mes de marzo han sido ignorados en peticiones para una mesa de di\u00e1logo.<\/p>\n\n\n\n<p>Los vecinos bloquearon el paso en la calle Reforma, la cual es ahora una v\u00eda alterna por la reconstrucci\u00f3n del puente \u201cMiahuatl\u00e1n\u201d en la carretera 175, para exigir alumbrado p\u00fablico, drenaje y mayor patrullaje de la Polic\u00eda Municipal. <\/p>\n","protected":false},"excerpt":{"rendered":"<p>Yuridiana Sosa\/Zona Roja. Oaxaca de Ju\u00e1rez, Oax., 27 de junio de 2022.- La \u00faltima semana&hellip;<\/p>\n","protected":false},"author":2,"featured_media":42858,"comment_status":"closed","ping_status":"open","sticky":false,"template":"","format":"standard","meta":{"_lmt_disableupdate":"","_lmt_disable":"","_jetpack_memberships_contains_paid_content":false,"footnotes":""},"categories":[109,47],"tags":[],"class_list":["post-42859","post","type-post","status-publish","format-standard","has-post-thumbnail","hentry","category-minuto-a-minuto","category-zona-gris"],"jetpack_featured_media_url":"https:\/\/zonaroja.com.mx\/wp-content\/uploads\/2022\/06\/aa1b96fd-5aa1-421e-85d6-a862c3ae284a.jpg","jetpack_sharing_enabled":true,"_links":{"self":[{"href":"https:\/\/zonaroja.com.mx\/index.php?rest_route=\/wp\/v2\/posts\/42859","targetHints":{"allow":["GET"]}}],"collection":[{"href":"https:\/\/zonaroja.com.mx\/index.php?rest_route=\/wp\/v2\/posts"}],"about":[{"href":"https:\/\/zonaroja.com.mx\/index.php?rest_route=\/wp\/v2\/types\/post"}],"author":[{"embeddable":true,"href":"https:\/\/zonaroja.com.mx\/index.php?rest_route=\/wp\/v2\/users\/2"}],"replies":[{"embeddable":true,"href":"https:\/\/zonaroja.com.mx\/index.php?rest_route=%2Fwp%2Fv2%2Fcomments&post=42859"}],"version-history":[{"count":1,"href":"https:\/\/zonaroja.com.mx\/index.php?rest_route=\/wp\/v2\/posts\/42859\/revisions"}],"predecessor-version":[{"id":42860,"href":"https:\/\/zonaroja.com.mx\/index.php?rest_route=\/wp\/v2\/posts\/42859\/revisions\/42860"}],"wp:featuredmedia":[{"embeddable":true,"href":"https:\/\/zonaroja.com.mx\/index.php?rest_route=\/wp\/v2\/media\/42858"}],"wp:attachment":[{"href":"https:\/\/zonaroja.com.mx\/index.php?rest_route=%2Fwp%2Fv2%2Fmedia&parent=42859"}],"wp:term":[{"taxonomy":"category","embeddable":true,"href":"https:\/\/zonaroja.com.mx\/index.php?rest_route=%2Fwp%2Fv2%2Fcategories&post=42859"},{"taxonomy":"post_tag","embeddable":true,"href":"https:\/\/zonaroja.com.mx\/index.php?rest_route=%2Fwp%2Fv2%2Ftags&post=42859"}],"curies":[{"name":"wp","href":"https:\/\/api.w.org\/{rel}","templated":true}]}}