{"id":42862,"date":"2022-06-27T20:07:39","date_gmt":"2022-06-28T01:07:39","guid":{"rendered":"https:\/\/www.zonaroja.com.mx\/?p=42862"},"modified":"2022-06-27T20:08:59","modified_gmt":"2022-06-28T01:08:59","slug":"oaxaca-sobresale-en-dos-sexenios-con-mas-agresiones-a-periodistas","status":"publish","type":"post","link":"https:\/\/zonaroja.com.mx\/?p=42862","title":{"rendered":"Sobresale Oaxaca en dos sexenios con m\u00e1s agresiones a periodistas"},"content":{"rendered":"\n<p>Yuridiana Sosa\/ Zona Roja.<\/p>\n\n\n\n<p>Oaxaca de Ju\u00e1rez, Oax., 27 de junio de 2022.- Ante el dif\u00edcil escenario por las agresi\u00f3n y asesinatos de periodistas en M\u00e9xico y Oaxaca, integrantes del gremio en la entidad recibieron un taller de parte del Mecanismo de Protecci\u00f3n para Personas Defensoras de Derechos Humanos y Periodistas, de la Secretar\u00eda de Gobernaci\u00f3n, a fin de generar mejores condiciones para su desempe\u00f1o.<\/p>\n\n\n\n<p>Oaxaca ha sobresalido por dos sexenios consecutivos entre los principales estados con mayores homicidios contra periodistas, de acuerdo a datos proporcionados por el director General del Mecanismo de Protecci\u00f3n para Personas Defensoras de Derechos Humanos y Periodistas, Erick Mart\u00edn Javier Salas.<\/p>\n\n\n\n<p>De diciembre de 2006 a junio de 2022 se han registrado 255 asesinatos a periodistas en M\u00e9xico, de los que 101 se cometieron en el sexenio de Felipe Calder\u00f3n, 96 durante Enrique Pe\u00f1a Nieto en el poder y en lo que va de la administraci\u00f3n de Andr\u00e9s Manuel L\u00f3pez Obrador, son 58.<\/p>\n\n\n\n<p>Entre el periodo de diciembre de 2012 a noviembre de 2018, en el gobierno de Pe\u00f1a Nieto, Oaxaca encabez\u00f3 la lista con m\u00e1s homicidios contra periodistas, con 15 casos.&nbsp;<\/p>\n\n\n\n<p>Mientras que, en la presente administraci\u00f3n, Oaxaca es el quinto lugar con cuatro homicidios, los cuales la autoridad federal ha registrado en San Agust\u00edn Loxicha, Huajuapan de Le\u00f3n, Moro de Mazat\u00e1n y Salina Cruz.<\/p>\n\n\n\n<p>El violento escenario &nbsp;que los integrantes de los medios de comunicaci\u00f3n viven es una \u201csituaci\u00f3n emergente y urgente por atender\u201d, se\u00f1al\u00f3 Javier Salas.&nbsp;<\/p>\n\n\n\n<p>Por las complejidades del tema, la atenci\u00f3n de los casos debe ser un tema que no se centra a un solo \u00f3rgano o autoridad del Estado Mexicano, sino que compete a todas las instancias.&nbsp;<\/p>\n\n\n\n<p>\u201cCuando tocan a un periodista se toca al estado democr\u00e1tico, al estado de derecho, a la justicia, la informaci\u00f3n y quien pierde es la sociedad\u201d, agreg\u00f3 durante el taller presencial -y virtual -que se realiz\u00f3 desde la sede de la Defensor\u00eda de los Derechos Humanos del Pueblo de Oaxaca, en la capital del estado.<\/p>\n\n\n\n<p>Entre los principales factores que general agresiones contra periodistas y defensores de derechos humanos se encuentra: crimen organizado, impunidad, corrupci\u00f3n y colusi\u00f3n de autoridades y grupos delictivos; incumpliendo de las obligaciones que tienen municipios y estados en la materia y falta de cultura sobre la impedancia que tiene la labor de period\u00edstica y personas defensoras de derechos humanos. <\/p>\n\n\n\n<figure class=\"wp-block-embed\"><div class=\"wp-block-embed__wrapper\">\n<div class=\"twitter-tweet\"><blockquote class=\"twitter-tweet\" data-lang=\"es\"><p lang=\"es\" dir=\"ltr\">Y este es parte del saldo fatal de agresiones y cr\u00edmenes en contra de periodistas, en que sobresale <a href=\"https:\/\/twitter.com\/hashtag\/Oaxaca?src=hash&amp;ref_src=twsrc%5Etfw\">#Oaxaca<\/a>. <br>Erick Mart\u00edn Salas, director del Mecanismo de Protecci\u00f3n, dependiente de la <a href=\"https:\/\/twitter.com\/SEGOB_mx?ref_src=twsrc%5Etfw\">@SEGOB_mx<\/a>, expone las acciones preventivas. <a href=\"https:\/\/t.co\/L8qHjPRilP\">pic.twitter.com\/L8qHjPRilP<\/a><\/p>&mdash; Zona Roja Oaxaca (@ZonaRoja_Oaxaca) <a href=\"https:\/\/twitter.com\/ZonaRoja_Oaxaca\/status\/1541550413916377092?ref_src=twsrc%5Etfw\">27 de junio de 2022<\/a><\/blockquote><\/div>\n<\/div><\/figure>\n\n\n\n<p>Desde la creaci\u00f3n del Mecanismo de Protecci\u00f3n para Personas Defensoras de Derechos Humanos&nbsp;y Periodistas, en el a\u00f1o 2012, a la fecha, este mecanismo actualmente, protege a 496 periodistas, de las cuales 137 son mujeres&nbsp;y 359 son hombres.<\/p>\n\n\n\n<p>Las autoridades presentes reconocieron que estas estad\u00edsticas y lo que se refleja en hechos son una muestra de la deuda de la implementaci\u00f3n de pol\u00edticas p\u00fablicas para este sector.&nbsp;<\/p>\n\n\n\n<p>El titular de la Defensor\u00eda de los Derechos Humanos de Oaxaca (DDHPO), Bernardo Rodr\u00edguez Alamilla, se\u00f1al\u00f3 que en un periodo de cinco a\u00f1os, este \u00f3rgano ha abierto 300 expedientes por alg\u00fan tipo de agresi\u00f3n a periodistas en la entidad.<\/p>\n\n\n\n<p>QU\u00c9 ES EL MECANISMO&nbsp;<\/p>\n\n\n\n<p>El Mecanismo de Protecci\u00f3n para Personas Defensoras de Derechos Humanos y Periodistas, tiene la misi\u00f3n de proteger a personas defensoras de derechos humanos y periodistas que sufren agresiones con motivo de su labor.<\/p>\n\n\n\n<p>Entre sus funciones est\u00e1 la de implementar y operar las medidas de prevenci\u00f3n, medidas de protecci\u00f3n y medidas urgentes de protecci\u00f3n que garanticen la vida, integridad, libertad y seguridad de las personas que se encuentren en situaci\u00f3n de riesgo.<\/p>\n\n\n\n<p>Estas acciones son independientes de las responsabilidades de las autoridades de seguridad p\u00fablica que tambi\u00e9n act\u00faan para la protecci\u00f3n de periodistas y defensores.&nbsp;<\/p>\n\n\n\n<p>El encuentro fue organizado por el delegado de la Secretar\u00eda de Gobernaci\u00f3n en la entidad, Jos\u00e9 Carlos Fuentes Ordaz. <\/p>\n","protected":false},"excerpt":{"rendered":"<p>Yuridiana Sosa\/ Zona Roja. Oaxaca de Ju\u00e1rez, Oax., 27 de junio de 2022.- Ante el&hellip;<\/p>\n","protected":false},"author":2,"featured_media":42861,"comment_status":"closed","ping_status":"open","sticky":false,"template":"","format":"standard","meta":{"_lmt_disableupdate":"","_lmt_disable":"","_jetpack_memberships_contains_paid_content":false,"footnotes":""},"categories":[109,47],"tags":[],"class_list":["post-42862","post","type-post","status-publish","format-standard","has-post-thumbnail","hentry","category-minuto-a-minuto","category-zona-gris"],"jetpack_featured_media_url":"https:\/\/zonaroja.com.mx\/wp-content\/uploads\/2022\/06\/7a56191f-09dc-46f5-9b2b-2364e506c1ab.jpg","jetpack_sharing_enabled":true,"_links":{"self":[{"href":"https:\/\/zonaroja.com.mx\/index.php?rest_route=\/wp\/v2\/posts\/42862","targetHints":{"allow":["GET"]}}],"collection":[{"href":"https:\/\/zonaroja.com.mx\/index.php?rest_route=\/wp\/v2\/posts"}],"about":[{"href":"https:\/\/zonaroja.com.mx\/index.php?rest_route=\/wp\/v2\/types\/post"}],"author":[{"embeddable":true,"href":"https:\/\/zonaroja.com.mx\/index.php?rest_route=\/wp\/v2\/users\/2"}],"replies":[{"embeddable":true,"href":"https:\/\/zonaroja.com.mx\/index.php?rest_route=%2Fwp%2Fv2%2Fcomments&post=42862"}],"version-history":[{"count":2,"href":"https:\/\/zonaroja.com.mx\/index.php?rest_route=\/wp\/v2\/posts\/42862\/revisions"}],"predecessor-version":[{"id":42864,"href":"https:\/\/zonaroja.com.mx\/index.php?rest_route=\/wp\/v2\/posts\/42862\/revisions\/42864"}],"wp:featuredmedia":[{"embeddable":true,"href":"https:\/\/zonaroja.com.mx\/index.php?rest_route=\/wp\/v2\/media\/42861"}],"wp:attachment":[{"href":"https:\/\/zonaroja.com.mx\/index.php?rest_route=%2Fwp%2Fv2%2Fmedia&parent=42862"}],"wp:term":[{"taxonomy":"category","embeddable":true,"href":"https:\/\/zonaroja.com.mx\/index.php?rest_route=%2Fwp%2Fv2%2Fcategories&post=42862"},{"taxonomy":"post_tag","embeddable":true,"href":"https:\/\/zonaroja.com.mx\/index.php?rest_route=%2Fwp%2Fv2%2Ftags&post=42862"}],"curies":[{"name":"wp","href":"https:\/\/api.w.org\/{rel}","templated":true}]}}