{"id":4288,"date":"2019-09-26T07:42:48","date_gmt":"2019-09-26T12:42:48","guid":{"rendered":"http:\/\/www.zonaroja.com.mx\/?p=4288"},"modified":"2019-09-26T07:42:50","modified_gmt":"2019-09-26T12:42:50","slug":"entierra-el-senado-reforma-educativa-de-pena-nieto","status":"publish","type":"post","link":"https:\/\/zonaroja.com.mx\/?p=4288","title":{"rendered":"Entierra el Senado reforma educativa de Pe\u00f1a Nieto"},"content":{"rendered":"\n<p>Redacci\u00f3n\/Zona\nRoja Cdmx.<\/p>\n\n\n\n<p>Ciudad de\nM\u00e9xico, 26 de septiembre de 2019.- El Senado de la Rep\u00fablica dio la puntilla a\nla reforma educativa del ex presidente Enrique Pe\u00f1a Nieto.<\/p>\n\n\n\n<p>Anoche\naprob\u00f3, sin cambios, la Ley General de la Educaci\u00f3n, una de las tres\nreglamentarias de la reforma educativa, y la remiti\u00f3 al Ejecutivo federal para\nsu promulgaci\u00f3n, seg\u00fan public\u00f3 el diario \u201cLa Jornada\u201d.<\/p>\n\n\n\n<p>Esa\nlegislaci\u00f3n, que abroga la Ley General de la Infraestructura F\u00edsica Educativa,\nfue aprobada con 78 votos a favor, 26 en contra y seis abstenciones, luego de\nun fuerte debate entre los legisladores de Morena y la oposici\u00f3n,\nfundamentalmente del PAN.<\/p>\n\n\n\n<p>\u201c\u00a1Ya cay\u00f3,\nya cay\u00f3, la reforma ya cay\u00f3!\u201d, corearon ruidosos los senadores de Morena, luego\nde m\u00e1s de seis horas de discusi\u00f3n, ya que las tres leyes se debatieron en\nconjunto, aunque luego se votaron por separado.<\/p>\n\n\n\n<p>\u201cVamos a\nsepultar a la mal llamada reforma educativa de Pe\u00f1a Nieto\u201d, exclam\u00f3 el senador\nde Morena y l\u00edder magisterial Casimiro M\u00e9ndez, entre rechiflas de los panistas,\nque centraron su discurso en criticar a los integrantes de la Coordinadora\nNacional de Trabajadores de la Educaci\u00f3n (CNTE).<\/p>\n\n\n\n<p>Los legisladores\ndel PAN insistieron una y otra vez en que se trata de leyes reglamentarias que\ndejan el control de las plazas y en general de la educaci\u00f3n en grupos\nmagisteriales violentos.<\/p>\n\n\n\n<p>Es el\ndiscurso de la derecha, de los conservadores en contra de la educaci\u00f3n p\u00fablica,\nreviraron los senadores de Morena Mart\u00ed Batres, Antares V\u00e1zquez, An\u00edbal Ostoa y\nGerm\u00e1n Mart\u00ednez C\u00e1zares.<\/p>\n\n\n\n<p>Los panistas\ncolocaron en sus esca\u00f1os cartones con la leyenda: \u201cPor una educaci\u00f3n sin mafias\u201d.\nGuadalupe Salda\u00f1a sostuvo que los l\u00edderes de la CNTE s\u00f3lo est\u00e1n buscando el\npoder, que el gobierno federal les dar\u00e1, porque fue un compromiso de campa\u00f1a\ncon Andr\u00e9s Manuel L\u00f3pez Obrador.<\/p>\n\n\n\n<p>En Morena,\nrecalc\u00f3 Mart\u00ednez C\u00e1zares, estamos orgullosos de estar al lado de los maestros.\nEsa es la piedra angular de nuestra transformaci\u00f3n educativa. Una nueva escuela\ncon los mentores, sin detrimento de la privada, pero preferentemente la\np\u00fablica.<\/p>\n\n\n\n<p>M\u00e1s tarde,\nla senadora pri\u00edsta Vanessa Rubio dio el p\u00e9same al pa\u00eds por la aprobaci\u00f3n de la\nreforma.<\/p>\n\n\n\n<p>El senador\nMart\u00ed Batres resalt\u00f3 que los maestros de las normales p\u00fablicas enfrentaron el\nfanatismo, el oscurantismo y la ignorancia a principios del siglo pasado, ya\nque incluso les llegaban a cortar las orejas, y en el sexenio pasado la\nconcepci\u00f3n neoliberal lleg\u00f3 al extremo de eliminarles sus derechos.<\/p>\n\n\n\n<p>Antes, los\npresidentes de las comisiones de Educaci\u00f3n y de Estudios Legislativos, Rub\u00e9n\nRocha y Ana Lilia Rivera, respectivamente, rechazaron las mentiras divulgadas\npor los opositores a la legislaci\u00f3n y sostuvieron que la reforma dignifica a\nlos maestros y ratifica la rector\u00eda del Estado sobre la ense\u00f1anza.<\/p>\n\n\n\n<p>S\u00f3lo PAN y\nPRI votaron en contra de la Ley General de Educaci\u00f3n. El PRD se abstuvo y\nMorena logr\u00f3 conjuntar a sus aliados del PT y el PES, as\u00ed como a Movimiento\nCiudadano (MC) y el PVEM.<\/p>\n\n\n\n<p>En la\ndiscusi\u00f3n en lo particular la votaci\u00f3n fue distinta: 68 a favor y 38 en contra,\nya que senadores de MC, PT e incluso de Morena propusieron cambios en el\narticulado, que fueron rechazados.<\/p>\n\n\n\n<p>Al cierre de\nla edici\u00f3n faltaba a\u00fan de aprobar las otras dos normas: la Ley General del\nSistema de la Carrera de las Maestras y Maestros y la Ley Reglamentaria del\nart\u00edculo tercero de la Constituci\u00f3n.<\/p>\n","protected":false},"excerpt":{"rendered":"<p>Redacci\u00f3n\/Zona Roja Cdmx. Ciudad de M\u00e9xico, 26 de septiembre de 2019.- El Senado de la&hellip;<\/p>\n","protected":false},"author":2,"featured_media":4289,"comment_status":"closed","ping_status":"open","sticky":false,"template":"","format":"standard","meta":{"_lmt_disableupdate":"","_lmt_disable":"","_jetpack_memberships_contains_paid_content":false,"footnotes":""},"categories":[109,47],"tags":[737,771],"class_list":["post-4288","post","type-post","status-publish","format-standard","has-post-thumbnail","hentry","category-minuto-a-minuto","category-zona-gris","tag-ley-general-de-educacion","tag-senado-de-la-republica"],"jetpack_featured_media_url":"https:\/\/zonaroja.com.mx\/wp-content\/uploads\/2019\/09\/Senado-M\u00e9xico.jpg","jetpack_sharing_enabled":true,"_links":{"self":[{"href":"https:\/\/zonaroja.com.mx\/index.php?rest_route=\/wp\/v2\/posts\/4288","targetHints":{"allow":["GET"]}}],"collection":[{"href":"https:\/\/zonaroja.com.mx\/index.php?rest_route=\/wp\/v2\/posts"}],"about":[{"href":"https:\/\/zonaroja.com.mx\/index.php?rest_route=\/wp\/v2\/types\/post"}],"author":[{"embeddable":true,"href":"https:\/\/zonaroja.com.mx\/index.php?rest_route=\/wp\/v2\/users\/2"}],"replies":[{"embeddable":true,"href":"https:\/\/zonaroja.com.mx\/index.php?rest_route=%2Fwp%2Fv2%2Fcomments&post=4288"}],"version-history":[{"count":1,"href":"https:\/\/zonaroja.com.mx\/index.php?rest_route=\/wp\/v2\/posts\/4288\/revisions"}],"predecessor-version":[{"id":4290,"href":"https:\/\/zonaroja.com.mx\/index.php?rest_route=\/wp\/v2\/posts\/4288\/revisions\/4290"}],"wp:featuredmedia":[{"embeddable":true,"href":"https:\/\/zonaroja.com.mx\/index.php?rest_route=\/wp\/v2\/media\/4289"}],"wp:attachment":[{"href":"https:\/\/zonaroja.com.mx\/index.php?rest_route=%2Fwp%2Fv2%2Fmedia&parent=4288"}],"wp:term":[{"taxonomy":"category","embeddable":true,"href":"https:\/\/zonaroja.com.mx\/index.php?rest_route=%2Fwp%2Fv2%2Fcategories&post=4288"},{"taxonomy":"post_tag","embeddable":true,"href":"https:\/\/zonaroja.com.mx\/index.php?rest_route=%2Fwp%2Fv2%2Ftags&post=4288"}],"curies":[{"name":"wp","href":"https:\/\/api.w.org\/{rel}","templated":true}]}}