{"id":42880,"date":"2022-06-28T07:35:10","date_gmt":"2022-06-28T12:35:10","guid":{"rendered":"http:\/\/www.zonaroja.com.mx\/?p=42880"},"modified":"2022-06-28T07:35:12","modified_gmt":"2022-06-28T12:35:12","slug":"paralizan-ciudad-universitaria-de-la-uabjo-piden-salida-de-rector","status":"publish","type":"post","link":"https:\/\/zonaroja.com.mx\/?p=42880","title":{"rendered":"Paralizan Ciudad Universitaria de la UABJO; piden salida de rector"},"content":{"rendered":"\n<p>Redacci\u00f3n\/Zona Roja.<\/p>\n\n\n\n<p>Oaxaca de Ju\u00e1rez, Oax., 28 de junio de 2022.- A escasos tres meses de haber asumido el cargo, ya piden la renuncia del rector de la UABJO, Cristin \u00c9der Carre\u00f1o L\u00f3pez.<\/p>\n\n\n\n<p>Anoche, trabajadores y directivos de la Facultad de Contadur\u00eda y Administraci\u00f3n (FCA) \u201ctomaron\u201d las instalaciones de Ciudad Universitaria y esta ma\u00f1ana colocaron lonas con la exigencia de salida del representante de la m\u00e1xima casa de estudios.<\/p>\n\n\n\n<p>Casi a la media noche de ayer, el director de la Facultad, Gerardo Velasco Soriano, expres\u00f3 en conferencia de prensa, demand\u00f3 que funcionarios de la administraci\u00f3n central de la Universidad Aut\u00f3noma \u201cBenito Ju\u00e1rez\u201d de Oaxaca saquen las manos de la unidad acad\u00e9mica.<\/p>\n\n\n\n<p>Culp\u00f3 a Abraham Mart\u00ednez Alav\u00e9s, \u00c1ngel P\u00e9rez Ruiz y a Francisco P\u00e9rez Carrasco de desestabilizar Contadur\u00eda, para imponer a este \u00faltimo, pese a que es abogado.<\/p>\n\n\n\n<p>\u201cQue dejen de desestabilizar a la Facultad, que saquen las manos, para que podamos trabajar; no queremos violentar nada; nosotros llegamos a trabajar, fuimos electos de manera transparente\u201d, dijo.<\/p>\n\n\n\n<p>Reproch\u00f3 que se haya emitido una convocatoria falsa para reunir al Consejo T\u00e9cnico, con firmas ap\u00f3crifas, para intentar remover al actual director.<\/p>\n\n\n\n<p>\u201cAbraham Mart\u00ednez Alav\u00e9s es jubilado, pero sigue queriendo tener canong\u00edas, para negociar y apoderarse de los espacios. La Universidad est\u00e1 en paz, quienes violentan son otros\u201d, expres\u00f3.\u00a0<\/p>\n\n\n\n<p>Cristian \u00c9der Carre\u00f1o asumi\u00f3 el cargo de rector el pasado 23 de abril, tras un proceso irregular y sin el pleno de integrantes del Consejo Universitario.<\/p>\n\n\n\n<figure class=\"wp-block-embed is-type-rich is-provider-twitter wp-block-embed-twitter\"><div class=\"wp-block-embed__wrapper\">\n<div class=\"twitter-tweet\"><blockquote class=\"twitter-tweet\" data-lang=\"es\"><p lang=\"es\" dir=\"ltr\"><a href=\"https:\/\/twitter.com\/hashtag\/%C3%9AltimoMinuto?src=hash&amp;ref_src=twsrc%5Etfw\">#\u00daltimoMinuto<\/a> <br>Se multiplican los conflictos en la <a href=\"https:\/\/twitter.com\/UABJO?ref_src=twsrc%5Etfw\">@UABJO<\/a>, desatendidos por el rector <a href=\"https:\/\/twitter.com\/RectorCristian?ref_src=twsrc%5Etfw\">@RectorCristian<\/a>.<br>Esta noche, personal de la Facultad de Contadur\u00eda \u201ctoma\u201d Ciudad Universitaria, ante nula respuesta a demandas, entre ellas pagos pendientes. <a href=\"https:\/\/t.co\/haAZMk6DKX\">pic.twitter.com\/haAZMk6DKX<\/a><\/p>&mdash; Zona Roja Oaxaca (@ZonaRoja_Oaxaca) <a href=\"https:\/\/twitter.com\/ZonaRoja_Oaxaca\/status\/1541636951471710209?ref_src=twsrc%5Etfw\">28 de junio de 2022<\/a><\/blockquote><\/div>\n<\/div><\/figure>\n","protected":false},"excerpt":{"rendered":"<p>Redacci\u00f3n\/Zona Roja. Oaxaca de Ju\u00e1rez, Oax., 28 de junio de 2022.- A escasos tres meses&hellip;<\/p>\n","protected":false},"author":2,"featured_media":42881,"comment_status":"closed","ping_status":"open","sticky":false,"template":"","format":"standard","meta":{"_lmt_disableupdate":"","_lmt_disable":"","_jetpack_memberships_contains_paid_content":false,"footnotes":""},"categories":[109,47],"tags":[3169],"class_list":["post-42880","post","type-post","status-publish","format-standard","has-post-thumbnail","hentry","category-minuto-a-minuto","category-zona-gris","tag-cristian-eder-carreno-lopez"],"jetpack_featured_media_url":"https:\/\/zonaroja.com.mx\/wp-content\/uploads\/2022\/06\/Ciudad-Universitaria-tomada-UABJO.jpg","jetpack_sharing_enabled":true,"_links":{"self":[{"href":"https:\/\/zonaroja.com.mx\/index.php?rest_route=\/wp\/v2\/posts\/42880","targetHints":{"allow":["GET"]}}],"collection":[{"href":"https:\/\/zonaroja.com.mx\/index.php?rest_route=\/wp\/v2\/posts"}],"about":[{"href":"https:\/\/zonaroja.com.mx\/index.php?rest_route=\/wp\/v2\/types\/post"}],"author":[{"embeddable":true,"href":"https:\/\/zonaroja.com.mx\/index.php?rest_route=\/wp\/v2\/users\/2"}],"replies":[{"embeddable":true,"href":"https:\/\/zonaroja.com.mx\/index.php?rest_route=%2Fwp%2Fv2%2Fcomments&post=42880"}],"version-history":[{"count":1,"href":"https:\/\/zonaroja.com.mx\/index.php?rest_route=\/wp\/v2\/posts\/42880\/revisions"}],"predecessor-version":[{"id":42882,"href":"https:\/\/zonaroja.com.mx\/index.php?rest_route=\/wp\/v2\/posts\/42880\/revisions\/42882"}],"wp:featuredmedia":[{"embeddable":true,"href":"https:\/\/zonaroja.com.mx\/index.php?rest_route=\/wp\/v2\/media\/42881"}],"wp:attachment":[{"href":"https:\/\/zonaroja.com.mx\/index.php?rest_route=%2Fwp%2Fv2%2Fmedia&parent=42880"}],"wp:term":[{"taxonomy":"category","embeddable":true,"href":"https:\/\/zonaroja.com.mx\/index.php?rest_route=%2Fwp%2Fv2%2Fcategories&post=42880"},{"taxonomy":"post_tag","embeddable":true,"href":"https:\/\/zonaroja.com.mx\/index.php?rest_route=%2Fwp%2Fv2%2Ftags&post=42880"}],"curies":[{"name":"wp","href":"https:\/\/api.w.org\/{rel}","templated":true}]}}