{"id":42883,"date":"2022-06-28T07:47:05","date_gmt":"2022-06-28T12:47:05","guid":{"rendered":"http:\/\/www.zonaroja.com.mx\/?p=42883"},"modified":"2022-06-28T07:47:06","modified_gmt":"2022-06-28T12:47:06","slug":"preocupacion-en-alemania-por-patrones-de-violencia-feminicida-en-mexico","status":"publish","type":"post","link":"https:\/\/zonaroja.com.mx\/?p=42883","title":{"rendered":"Preocupaci\u00f3n en Alemania por patrones de violencia feminicida en M\u00e9xico&nbsp;"},"content":{"rendered":"\n<p>Redacci\u00f3n\/Zona Roja.<\/p>\n\n\n\n<p>Oaxaca de Ju\u00e1rez, Oax., 28 de junio de 2022.-&nbsp; Soledad Jarqu\u00edn Edgar continu\u00f3 su gira de incidencia y denuncia en Berl\u00edn, Alemania, donde present\u00f3 ante actores pol\u00edticos&nbsp;y de la sociedad civil&nbsp;la impunidad que existe en el caso de su hija y del feminicidio en M\u00e9xico.&nbsp;<\/p>\n\n\n\n<p>Durante la estancia de la defensora en Berl\u00edn&nbsp;se llev\u00f3 a cabo el&nbsp;Conversatorio \u201cFeminicidios en Oaxaca, M\u00e9xico. El caso emblem\u00e1tico de Mar\u00eda del Sol Cruz&nbsp;Jarqu\u00edn\u201d mismo que fue convocado por la Coordinaci\u00f3n Alemana por los Derechos Humanos en M\u00e9xico, el Servicio Civil para la Paz de Pan Para el Mundo y tuvo lugar en la sede de la Fundaci\u00f3n Pan Para el Mundo (Brot&nbsp;f\u00fcr&nbsp;die&nbsp;Welt).<\/p>\n\n\n\n<p>Durante m\u00e1s de dos horas la&nbsp;defensora y periodista Soledad Jarqu\u00edn,&nbsp;acompa\u00f1ada por Emilie De Wolf, de Consorcio Oaxaca,&nbsp;compartieron con representantes de la academia, de la sociedad civil internacional, con fundaciones, con periodistas, con representantes de oficinas parlamentarias delParlamento Federal Alem\u00e1n (Bundestag) y del Ministerio Federal de Cooperaci\u00f3n Econ\u00f3mica y Desarrollo (BMZ).&nbsp;<\/p>\n\n\n\n<p>Soledad Jarqu\u00edn comparti\u00f3 acerca del feminicidio de su hija ocurrido hace cuatro a\u00f1os y c\u00f3mo ilustra la dram\u00e1tica falta de acceso a la justicia y&nbsp;m\u00faltiples violencias a las que se enfrentan las mujeres en Oaxaca.&nbsp;<\/p>\n\n\n\n<p>Destac\u00f3 tambi\u00e9n con las y los asistentes acerca del Tribunal Feminista contra el Feminicidio en Oaxaca, proceso que se llev\u00f3 a cabo a finales del 2021, en el que fueron evaluados siete&nbsp;casos de feminicidios de diversas mujeres de Oaxaca, y al final del cual fue emitida una resoluci\u00f3n que conden\u00f3 al&nbsp;Estado Mexicano y las autoridades de la entidad federativa de Oaxaca.<\/p>\n\n\n\n<p>Soledad Jarqu\u00edn record\u00f3 que, en el caso de su hija, el Tribunal Ciudadano recomend\u00f3 que fuera llevado ante instancias internacionales \u201csiendo esta la \u00fanica posibilidad real de que el Estado Mexicano pueda ser obligado en alg\u00fan momento a garantizar el acceso a la justicia en el caso de Mar\u00eda del Sol\u201d.<\/p>\n\n\n\n<p>A su vez, Emilie De Wolf,&nbsp;de Consorcio Oaxaca, hizo un recuento detallado y estad\u00edstico de la situaci\u00f3n de violencia feminicida y feminicidio en M\u00e9xico -y en particular en Oaxaca- un&nbsp;pa\u00eds donde cada d\u00eda alrededor de 11 mujeres son asesinadas y recalc\u00f3 que, desde la aprobaci\u00f3n del tipo penal en Oaxaca, las sentencias condenatorias en casos de feminicidio siguen siendo m\u00ednimas.&nbsp;<\/p>\n\n\n\n<p>Durante el conversatorio, las y los participantes se sorprendieron ante el dram\u00e1tico panorama presentado y expresaron preocupaci\u00f3n por los datos de violencia feminicida y patrones de impunidad sistem\u00e1tica y corrupci\u00f3n evidenciados.<\/p>\n\n\n\n<p>La periodista feminista y defensora de derechos humanos continuar\u00e1 su gira de denuncia y exigencia de justicia, ahora hacia Espa\u00f1a. &nbsp;<\/p>\n","protected":false},"excerpt":{"rendered":"<p>Redacci\u00f3n\/Zona Roja. Oaxaca de Ju\u00e1rez, Oax., 28 de junio de 2022.-&nbsp; Soledad Jarqu\u00edn Edgar continu\u00f3&hellip;<\/p>\n","protected":false},"author":2,"featured_media":42884,"comment_status":"closed","ping_status":"open","sticky":false,"template":"","format":"standard","meta":{"_lmt_disableupdate":"","_lmt_disable":"","_jetpack_memberships_contains_paid_content":false,"footnotes":""},"categories":[109,47],"tags":[1059],"class_list":["post-42883","post","type-post","status-publish","format-standard","has-post-thumbnail","hentry","category-minuto-a-minuto","category-zona-gris","tag-maria-del-sol-cruz-jarquin"],"jetpack_featured_media_url":"https:\/\/zonaroja.com.mx\/wp-content\/uploads\/2022\/06\/Soledad-Jarquin-en-Alemania-Maria-del-Sol-Cruz.jpeg","jetpack_sharing_enabled":true,"_links":{"self":[{"href":"https:\/\/zonaroja.com.mx\/index.php?rest_route=\/wp\/v2\/posts\/42883","targetHints":{"allow":["GET"]}}],"collection":[{"href":"https:\/\/zonaroja.com.mx\/index.php?rest_route=\/wp\/v2\/posts"}],"about":[{"href":"https:\/\/zonaroja.com.mx\/index.php?rest_route=\/wp\/v2\/types\/post"}],"author":[{"embeddable":true,"href":"https:\/\/zonaroja.com.mx\/index.php?rest_route=\/wp\/v2\/users\/2"}],"replies":[{"embeddable":true,"href":"https:\/\/zonaroja.com.mx\/index.php?rest_route=%2Fwp%2Fv2%2Fcomments&post=42883"}],"version-history":[{"count":1,"href":"https:\/\/zonaroja.com.mx\/index.php?rest_route=\/wp\/v2\/posts\/42883\/revisions"}],"predecessor-version":[{"id":42885,"href":"https:\/\/zonaroja.com.mx\/index.php?rest_route=\/wp\/v2\/posts\/42883\/revisions\/42885"}],"wp:featuredmedia":[{"embeddable":true,"href":"https:\/\/zonaroja.com.mx\/index.php?rest_route=\/wp\/v2\/media\/42884"}],"wp:attachment":[{"href":"https:\/\/zonaroja.com.mx\/index.php?rest_route=%2Fwp%2Fv2%2Fmedia&parent=42883"}],"wp:term":[{"taxonomy":"category","embeddable":true,"href":"https:\/\/zonaroja.com.mx\/index.php?rest_route=%2Fwp%2Fv2%2Fcategories&post=42883"},{"taxonomy":"post_tag","embeddable":true,"href":"https:\/\/zonaroja.com.mx\/index.php?rest_route=%2Fwp%2Fv2%2Ftags&post=42883"}],"curies":[{"name":"wp","href":"https:\/\/api.w.org\/{rel}","templated":true}]}}