{"id":42889,"date":"2022-06-28T08:22:46","date_gmt":"2022-06-28T13:22:46","guid":{"rendered":"http:\/\/www.zonaroja.com.mx\/?p=42889"},"modified":"2022-06-28T08:22:49","modified_gmt":"2022-06-28T13:22:49","slug":"delegada-de-sader-en-oaxaca-reparte-vehiculos-oficiales-entre-sus-allegados","status":"publish","type":"post","link":"https:\/\/zonaroja.com.mx\/?p=42889","title":{"rendered":"Delegada de Sader en Oaxaca reparte veh\u00edculos oficiales entre sus allegados"},"content":{"rendered":"\n<p>Redacci\u00f3n\/Zona Roja.<\/p>\n\n\n\n<p>Oaxaca de Ju\u00e1rez, Oax., 28 de junio de 2022.- La delegada estatal de la Secretar\u00eda de Agricultura y Desarrollo Social de M\u00e9xico (Sader), Carolina Ojeda Mart\u00ednez, se adjudic\u00f3 de manera directa y entre se\u00f1alamientos de corrupci\u00f3n, tres veh\u00edculos oficiales propiedad de la dependencia a trav\u00e9s de una convocatoria \u00absimulada\u00bb.&nbsp;<\/p>\n\n\n\n<p>Contrario a lo que predica el gobierno de la 4T, de cero tolerancia a la corrupci\u00f3n, no lujos ni abusos de sus funcionarios, Ojeda Mart\u00ednez, simul\u00f3 una convocatoria en la que otorg\u00f3 a su ch\u00f3fer particular tres camionetas cuyos costos de aval\u00fao eran mayor que el resto de las propuestas.&nbsp;<\/p>\n\n\n\n<p>Los veh\u00edculos incluidos en la convocatoria son dos camionetas Ford Modelo 2009 y una camioneta Ford F-150 Modelo 1999. Seg\u00fan datos de la delegaci\u00f3n de Sader, se recibieron propuestas del personal para otorgar estos veh\u00edculos que servir\u00edan para fortalecer el trabajo de la dependencia.&nbsp;<\/p>\n\n\n\n<p>El chofer particular de la funcionaria federal, Jordy Mart\u00ednez Mart\u00ednez, fue propuesto para los tres veh\u00edculos con un aval\u00fao mayor a las dem\u00e1s propuestas, Oscar Alfredo Velasco Chagoya fue propuesto para dos veh\u00edculos y Erasto Z\u00e1rate M\u00e9ndez particip\u00f3 para ser beneficiado de un veh\u00edculo, todos ellos identificados como colabores cercanos a la delegada de Sader<\/p>\n\n\n\n<p>Seg\u00fan la convocotaria, tras una evaluaci\u00f3n de las propuestas econ\u00f3micas,&nbsp; Jordy Mart\u00ednez Mart\u00ednez fue seleccionado para la adjudicaci\u00f3n directa de los tres veh\u00edculos.&nbsp;<\/p>\n\n\n\n<p>Lo anterior con el respaldo de Luis Manuel Carmona Rodr\u00edguez, subdelegado Administrativo. El resultado de la convocatoria gener\u00f3 indignaci\u00f3n de la base trabajadora luego del abandono de oficinas, falta de equipo y nulo respaldo de la reci\u00e9n designada delegada Carolina Ojeda Mart\u00ednez.&nbsp;<\/p>\n\n\n\n<p>Por lo que pidieron a las instancias federales, su intervenci\u00f3n y detener los abusos y la corrupci\u00f3n que se vive actualmente en la delegaci\u00f3n de Sader, adem\u00e1s de ser congruentes con el discurso oficial del gobierno de Andr\u00e9s Manuel L\u00f3pez Obrador para poner fin al saqueo y nepotismo.<\/p>\n","protected":false},"excerpt":{"rendered":"<p>Redacci\u00f3n\/Zona Roja. Oaxaca de Ju\u00e1rez, Oax., 28 de junio de 2022.- La delegada estatal de&hellip;<\/p>\n","protected":false},"author":2,"featured_media":42890,"comment_status":"closed","ping_status":"open","sticky":false,"template":"","format":"standard","meta":{"_lmt_disableupdate":"","_lmt_disable":"","_jetpack_memberships_contains_paid_content":false,"footnotes":""},"categories":[109,47],"tags":[3174],"class_list":["post-42889","post","type-post","status-publish","format-standard","has-post-thumbnail","hentry","category-minuto-a-minuto","category-zona-gris","tag-carolina-ojeda-martinez"],"jetpack_featured_media_url":"https:\/\/zonaroja.com.mx\/wp-content\/uploads\/2022\/06\/Delegada-Sader-Carolina-Ojeda.jpg","jetpack_sharing_enabled":true,"_links":{"self":[{"href":"https:\/\/zonaroja.com.mx\/index.php?rest_route=\/wp\/v2\/posts\/42889","targetHints":{"allow":["GET"]}}],"collection":[{"href":"https:\/\/zonaroja.com.mx\/index.php?rest_route=\/wp\/v2\/posts"}],"about":[{"href":"https:\/\/zonaroja.com.mx\/index.php?rest_route=\/wp\/v2\/types\/post"}],"author":[{"embeddable":true,"href":"https:\/\/zonaroja.com.mx\/index.php?rest_route=\/wp\/v2\/users\/2"}],"replies":[{"embeddable":true,"href":"https:\/\/zonaroja.com.mx\/index.php?rest_route=%2Fwp%2Fv2%2Fcomments&post=42889"}],"version-history":[{"count":1,"href":"https:\/\/zonaroja.com.mx\/index.php?rest_route=\/wp\/v2\/posts\/42889\/revisions"}],"predecessor-version":[{"id":42891,"href":"https:\/\/zonaroja.com.mx\/index.php?rest_route=\/wp\/v2\/posts\/42889\/revisions\/42891"}],"wp:featuredmedia":[{"embeddable":true,"href":"https:\/\/zonaroja.com.mx\/index.php?rest_route=\/wp\/v2\/media\/42890"}],"wp:attachment":[{"href":"https:\/\/zonaroja.com.mx\/index.php?rest_route=%2Fwp%2Fv2%2Fmedia&parent=42889"}],"wp:term":[{"taxonomy":"category","embeddable":true,"href":"https:\/\/zonaroja.com.mx\/index.php?rest_route=%2Fwp%2Fv2%2Fcategories&post=42889"},{"taxonomy":"post_tag","embeddable":true,"href":"https:\/\/zonaroja.com.mx\/index.php?rest_route=%2Fwp%2Fv2%2Ftags&post=42889"}],"curies":[{"name":"wp","href":"https:\/\/api.w.org\/{rel}","templated":true}]}}