{"id":42895,"date":"2022-06-28T19:29:40","date_gmt":"2022-06-29T00:29:40","guid":{"rendered":"http:\/\/www.zonaroja.com.mx\/?p=42895"},"modified":"2022-06-28T19:29:42","modified_gmt":"2022-06-29T00:29:42","slug":"herencia-de-garcia-jarquin-supera-deuda-de-386-mdp-denuncia-edil","status":"publish","type":"post","link":"https:\/\/zonaroja.com.mx\/?p=42895","title":{"rendered":"Herencia de Garc\u00eda Jarqu\u00edn supera deuda de 386 MDP, denuncia edil"},"content":{"rendered":"\n<p>Yuridiana Sosa\/Zona Roja.<\/p>\n\n\n\n<p>Oaxaca de Ju\u00e1rez, Oax., 28 de junio de 2022.- A seis meses de transcurrida la administraci\u00f3n municipal actual, el edil de Oaxaca de Ju\u00e1rez, Francisco Mart\u00ednez Neri, habl\u00f3 sobre la situaci\u00f3n financiera y condiciones en las que recibi\u00f3 al ayuntamiento antecedido por Oswaldo Gracia Jarqu\u00edn.<\/p>\n\n\n\n<p>En un informe p\u00fablico, el presidente municipal se\u00f1al\u00f3 la existencia de una deuda de 386 millones 603 mil 792 pesos, equivalente al 25 por ciento del Presupuesto de Egresos 2022 para este ayuntamiento, mientras que el ex edil s\u00f3lo dej\u00f3 en 18 cuentas 24 millones 250 mil 200 pesos.<\/p>\n\n\n\n<p>\u201cSe encontr\u00f3 en condiciones precarias de operaci\u00f3n para afrontar todas sus necesidades sustantivas\u201d, apunt\u00f3 el edil morenista respecto a la calificaci\u00f3n del diagn\u00f3stico.<\/p>\n\n\n\n<p>Entre los rubros en los que se detect\u00f3 deuda fue por concepto en acreedores por 58 millones 481 mil 955 pesos; en laudos y sentencias, 41 millones 675 mil 410 pesos; por Fideicomisos para el Ahorro de Energ\u00eda El\u00e9ctrica, 41 millones 662 mil pesos; de impuestos, 33 millones 347 mil 159 pesos.<\/p>\n\n\n\n<p>Agreg\u00f3 que a la Direcci\u00f3n de Pensiones se qued\u00f3 una deuda de 13 millones 984 mil 972 pesos; finiquitos, m\u00e1s de 26 millones, m\u00e1s 13 millones 984 mil 972 pesos de otros gastos.<\/p>\n\n\n\n<p>Mart\u00ednez Neri detall\u00f3 que en el periodo de su antecesor, tambi\u00e9n emanado del Partido Morena, los recursos del Ramo General 23 del a\u00f1o 2016 se utilizaron indebidamente para el pago de n\u00f3mina de los meses de noviembre y diciembre, por 52.3 millones de pesos.<\/p>\n\n\n\n<p>Entre otras irregularidades, dej\u00f3 una deuda por 12 millones 620 mil pesos por arrendamiento de equipo de transporte para la recolecci\u00f3n de basura.<\/p>\n\n\n\n<p>Adem\u00e1s, pese a que ya exist\u00eda, y funciona bien, el Sistema SAP que utiliza el ayuntamiento para el proceso y control de operaciones, no pag\u00f3 actualizaciones por 6.4 millones de pesos.<\/p>\n\n\n\n<figure class=\"wp-block-embed is-type-rich is-provider-twitter wp-block-embed-twitter\"><div class=\"wp-block-embed__wrapper\">\n<div class=\"twitter-tweet\"><blockquote class=\"twitter-tweet\" data-lang=\"es\"><p lang=\"es\" dir=\"ltr\"><a href=\"https:\/\/twitter.com\/hashtag\/ENVIVO?src=hash&amp;ref_src=twsrc%5Etfw\">#ENVIVO<\/a><br>Oaxaca de Ju\u00e1rez, Oax., 28 de junio de 2022.- El presidente municipal de Oaxaca de Ju\u00e1rez, Francisco Mart\u00ednez Neri (<a href=\"https:\/\/twitter.com\/FMartinezNeri?ref_src=twsrc%5Etfw\">@FMartinezNeri<\/a>), da a conocer la situaci\u00f3n en que recibi\u00f3 el ayuntamiento, por parte de Oswaldo Garc\u00eda Jarqu\u00edn.<br>\ud83d\udc47<a href=\"https:\/\/t.co\/tatMooDjwp\">https:\/\/t.co\/tatMooDjwp<\/a> <a href=\"https:\/\/t.co\/Kh2IbCrlVY\">pic.twitter.com\/Kh2IbCrlVY<\/a><\/p>&mdash; Zona Roja Oaxaca (@ZonaRoja_Oaxaca) <a href=\"https:\/\/twitter.com\/ZonaRoja_Oaxaca\/status\/1541847515066146818?ref_src=twsrc%5Etfw\">28 de junio de 2022<\/a><\/blockquote><\/div>\n<\/div><\/figure>\n\n\n\n<p>Pero adem\u00e1s, contrat\u00f3 desde el 26 de abril de 2019 u sistema integral de gesti\u00f3n municipal denominado Conffya, que incluy\u00f3 m\u00f3dulos de recaudaci\u00f3n, contabilidad y control de activos y n\u00f3mina, por 12.1 millones de pesos, sin que existiera la necesidad de ello.<\/p>\n\n\n\n<p>Con respecto al adeudo por combustible, sin que hubiera soporte para ello, hay un concepto de adquisici\u00f3n de gasolina por 30.6 millones de pesos y otro m\u00e1s por cinco millones de pesos, de los cuales no existe certeza jur\u00eddica de haber sido solicitados y suministrados.<\/p>\n\n\n\n<p>Otro probable fraude podr\u00eda estar en el programa de ahorro de energ\u00eda el\u00e9ctrica, por 41 millones de pesos, pese a que la mayor parte fue subvencionado por el gobierno federal.<\/p>\n\n\n\n<p>Garcia Jarqu\u00edn dej\u00f3 de pagar tambi\u00e9n conceptos al IMSS, Impuestos sobre Erogaciones y Remuneraciones, Retenci\u00f3n sobre Sueldos y Salarios, una multa al Ifetel, derechos a Conagua, entre otros, por un total de 33 millones 347 mil pesos.<\/p>\n\n\n\n<p>De la misma manera, llama la atenci\u00f3n que en la gesti\u00f3n del gobierno municipal anterior, haya contratado un servicio de \u201cacompa\u00f1amiento\u201d para tramitar devoluciones de Impuesto sobre la Renta, uno por 3.4 millones de pesos y otro por 14.3 millones de pesos, pero que no hay evidencia de que haya habido resultados de las gestiones; por el contrario, la actual administraci\u00f3n realiza las recuperaciones sin costo alguno.<\/p>\n\n\n\n<p>De la misma manera, se realizaron adquisiciones de bienes por 216.1 millones de pesos, pero de un 51 por ciento de ello no hay justificaci\u00f3n fundada.&nbsp;<\/p>\n\n\n\n<p>Mientras que se pagaron en efectivo, con apoyo de una empresa de traslado de valores, 282.8 millones de pesos, transferidos 72 millones de ellos a una cuenta personal de un funcionario.<\/p>\n\n\n\n<p>Por todo ello, adem\u00e1s de las deficiencias en otras \u00e1reas, el edil dijo que se dar\u00e1 vista a la Fiscal\u00eda General de la Rep\u00fablica y a la Fiscal\u00eda General de Oaxaca, para que dentro de sus competencias act\u00faen seg\u00fan los delitos.<\/p>\n\n\n\n<p>As\u00ed tambi\u00e9n se informar\u00e1 de los datos recopilados a la Auditor\u00eda Superior de la Federaci\u00f3n y al \u00d3rganos de Fiscalizaci\u00f3n del Estado de Oaxaca para que lleve a cabo las autor\u00edas.<\/p>\n","protected":false},"excerpt":{"rendered":"<p>Yuridiana Sosa\/Zona Roja. Oaxaca de Ju\u00e1rez, Oax., 28 de junio de 2022.- A seis meses&hellip;<\/p>\n","protected":false},"author":2,"featured_media":42896,"comment_status":"closed","ping_status":"open","sticky":false,"template":"","format":"standard","meta":{"_lmt_disableupdate":"","_lmt_disable":"","_jetpack_memberships_contains_paid_content":false,"footnotes":""},"categories":[109,47],"tags":[2418],"class_list":["post-42895","post","type-post","status-publish","format-standard","has-post-thumbnail","hentry","category-minuto-a-minuto","category-zona-gris","tag-francisco-martinez-neri"],"jetpack_featured_media_url":"https:\/\/zonaroja.com.mx\/wp-content\/uploads\/2022\/06\/Francisco-Martinez-Neri-inform.jpeg","jetpack_sharing_enabled":true,"_links":{"self":[{"href":"https:\/\/zonaroja.com.mx\/index.php?rest_route=\/wp\/v2\/posts\/42895","targetHints":{"allow":["GET"]}}],"collection":[{"href":"https:\/\/zonaroja.com.mx\/index.php?rest_route=\/wp\/v2\/posts"}],"about":[{"href":"https:\/\/zonaroja.com.mx\/index.php?rest_route=\/wp\/v2\/types\/post"}],"author":[{"embeddable":true,"href":"https:\/\/zonaroja.com.mx\/index.php?rest_route=\/wp\/v2\/users\/2"}],"replies":[{"embeddable":true,"href":"https:\/\/zonaroja.com.mx\/index.php?rest_route=%2Fwp%2Fv2%2Fcomments&post=42895"}],"version-history":[{"count":1,"href":"https:\/\/zonaroja.com.mx\/index.php?rest_route=\/wp\/v2\/posts\/42895\/revisions"}],"predecessor-version":[{"id":42897,"href":"https:\/\/zonaroja.com.mx\/index.php?rest_route=\/wp\/v2\/posts\/42895\/revisions\/42897"}],"wp:featuredmedia":[{"embeddable":true,"href":"https:\/\/zonaroja.com.mx\/index.php?rest_route=\/wp\/v2\/media\/42896"}],"wp:attachment":[{"href":"https:\/\/zonaroja.com.mx\/index.php?rest_route=%2Fwp%2Fv2%2Fmedia&parent=42895"}],"wp:term":[{"taxonomy":"category","embeddable":true,"href":"https:\/\/zonaroja.com.mx\/index.php?rest_route=%2Fwp%2Fv2%2Fcategories&post=42895"},{"taxonomy":"post_tag","embeddable":true,"href":"https:\/\/zonaroja.com.mx\/index.php?rest_route=%2Fwp%2Fv2%2Ftags&post=42895"}],"curies":[{"name":"wp","href":"https:\/\/api.w.org\/{rel}","templated":true}]}}