{"id":42898,"date":"2022-06-28T20:18:02","date_gmt":"2022-06-29T01:18:02","guid":{"rendered":"http:\/\/www.zonaroja.com.mx\/?p=42898"},"modified":"2022-06-28T20:18:04","modified_gmt":"2022-06-29T01:18:04","slug":"respaldan-a-director-de-contaduria-uabjo-denuncian-imposicion","status":"publish","type":"post","link":"https:\/\/zonaroja.com.mx\/?p=42898","title":{"rendered":"Respaldan a director de Contadur\u00eda UABJO; denuncian imposici\u00f3n"},"content":{"rendered":"\n<p>Redacci\u00f3n\/Zona Roja.<\/p>\n\n\n\n<p>Oaxaca de Ju\u00e1rez, Oax., 28 de junio de 2022.- Al menos una docena de directores de escuelas y facultades de la UABJO reiteraron hoy su respaldo al director de la Facultad de Contadur\u00eda y Administraci\u00f3n (FCA), Gerardo Velasco Soriano.<\/p>\n\n\n\n<p>Asimismo, en conferencia de prensa denunciaron una sesi\u00f3n del Consejo T\u00e9cnico ama\u00f1ada, con firmas falsas en la convocatoria, para imponer a un sustituto, similar a lo que ocurri\u00f3 en la designaci\u00f3n del actual rector Cristian \u00c9der Carre\u00f1o por parte de un reducido grupo encabezado por Abraham Mart\u00ednez Alavez.<\/p>\n\n\n\n<p>En el edificio de rector\u00eda se dieron cita esta tarde responsables y representantes de las escuelas Preparatoria 5 y 7, as\u00ed como de la Facultad de Econom\u00eda, Escuela de Gastronom\u00eda, Facultad de Idiomas, Bellas Artes, adem\u00e1s de la Facultad de Contadur\u00eda, entre otros.<\/p>\n\n\n\n<p>Tras el mensaje de respaldo de varios de ellos, el responsable de la FCA, Gerardo Velasco Soriano, lament\u00f3 el desinter\u00e9s del rector Cristian \u00c9der Carre\u00f1o para dialogar y resolver la situaci\u00f3n.&nbsp;<\/p>\n\n\n\n<p>Acus\u00f3 atropello por parte de algunos funcionarios universitarios para deponerlo, al convocar a una ilegal sesi\u00f3n de Consejo T\u00e9cnico, pese a que varios de ellos no est\u00e1n en Oaxaca.<\/p>\n\n\n\n<p>\u201cDe qu\u00e9 se trata esto, qu\u00e9 est\u00e1 pasando. Nosotros no le apostamos a la violencia, sino que estamos trabajando. Tenemos tres meses al frente y no ha habido un solo acto de violencia.<\/p>\n\n\n\n<p>\u201cFuimos los primeros en iniciar clases presenciales, hemos firmado convenios de colaboraci\u00f3n con instituciones privadas; estamos trabajando, no hay violencia. En cambio les demostramos que hoy el secretario General del STAUO, Enrique Mart\u00ednez, entr\u00f3 con violencia a la Facultad de Odontolog\u00eda\u201d, detall\u00f3.<\/p>\n\n\n\n<p>Pidi\u00f3 a las autoridades de la rector\u00eda que pongan atenci\u00f3n, que atiendan los asuntos, \u201cantes que sea un problema m\u00e1s grande, antes de tener un problema mayor y al rato van a decir que somos los culpables\u201d, dijo.<\/p>\n\n\n\n<p>Y tal como lo anunciaron en conferencia, la tarde de hoy se efectu\u00f3 una supuesta sesi\u00f3n del Consejo T\u00e9cnico en que habr\u00edan designado a Mauro Francisco P\u00e9rez Carrasco como director de la Facultad de Contadur\u00eda, hecho que las autoridades de la Facultad calificaron como ilegal.<\/p>\n\n\n\n<figure class=\"wp-block-embed is-type-rich is-provider-twitter wp-block-embed-twitter\"><div class=\"wp-block-embed__wrapper\">\n<div class=\"twitter-tweet\"><blockquote class=\"twitter-tweet\" data-lang=\"es\"><p lang=\"es\" dir=\"ltr\"><a href=\"https:\/\/twitter.com\/hashtag\/%C3%9AltimoMinuto?src=hash&amp;ref_src=twsrc%5Etfw\">#\u00daltimoMinuto<\/a> <br>Directores y representantes de diversas escuelas respaldaron a Gerardo Velasco Soriano al frente de la Facultad de Contadur\u00eda y Administraci\u00f3n.<br>Este a vez denunci\u00f3 intentos de imposici\u00f3n en dicha unidad acad\u00e9mica; lament\u00f3 la desidia del rector <a href=\"https:\/\/twitter.com\/RectorCristian?ref_src=twsrc%5Etfw\">@RectorCristian<\/a>. <a href=\"https:\/\/t.co\/6RiNFJxD9W\">pic.twitter.com\/6RiNFJxD9W<\/a><\/p>&mdash; Zona Roja Oaxaca (@ZonaRoja_Oaxaca) <a href=\"https:\/\/twitter.com\/ZonaRoja_Oaxaca\/status\/1541904523282640896?ref_src=twsrc%5Etfw\">28 de junio de 2022<\/a><\/blockquote><\/div>\n<\/div><\/figure>\n","protected":false},"excerpt":{"rendered":"<p>Redacci\u00f3n\/Zona Roja. Oaxaca de Ju\u00e1rez, Oax., 28 de junio de 2022.- Al menos una docena&hellip;<\/p>\n","protected":false},"author":2,"featured_media":42899,"comment_status":"closed","ping_status":"open","sticky":false,"template":"","format":"standard","meta":{"_lmt_disableupdate":"","_lmt_disable":"","_jetpack_memberships_contains_paid_content":false,"footnotes":""},"categories":[109,47],"tags":[3166],"class_list":["post-42898","post","type-post","status-publish","format-standard","has-post-thumbnail","hentry","category-minuto-a-minuto","category-zona-gris","tag-gerardo-velasco-soriano"],"jetpack_featured_media_url":"https:\/\/zonaroja.com.mx\/wp-content\/uploads\/2022\/06\/Conferencia-Gerardo-Velasco-Soriano-Contaduria.jpg","jetpack_sharing_enabled":true,"_links":{"self":[{"href":"https:\/\/zonaroja.com.mx\/index.php?rest_route=\/wp\/v2\/posts\/42898","targetHints":{"allow":["GET"]}}],"collection":[{"href":"https:\/\/zonaroja.com.mx\/index.php?rest_route=\/wp\/v2\/posts"}],"about":[{"href":"https:\/\/zonaroja.com.mx\/index.php?rest_route=\/wp\/v2\/types\/post"}],"author":[{"embeddable":true,"href":"https:\/\/zonaroja.com.mx\/index.php?rest_route=\/wp\/v2\/users\/2"}],"replies":[{"embeddable":true,"href":"https:\/\/zonaroja.com.mx\/index.php?rest_route=%2Fwp%2Fv2%2Fcomments&post=42898"}],"version-history":[{"count":1,"href":"https:\/\/zonaroja.com.mx\/index.php?rest_route=\/wp\/v2\/posts\/42898\/revisions"}],"predecessor-version":[{"id":42900,"href":"https:\/\/zonaroja.com.mx\/index.php?rest_route=\/wp\/v2\/posts\/42898\/revisions\/42900"}],"wp:featuredmedia":[{"embeddable":true,"href":"https:\/\/zonaroja.com.mx\/index.php?rest_route=\/wp\/v2\/media\/42899"}],"wp:attachment":[{"href":"https:\/\/zonaroja.com.mx\/index.php?rest_route=%2Fwp%2Fv2%2Fmedia&parent=42898"}],"wp:term":[{"taxonomy":"category","embeddable":true,"href":"https:\/\/zonaroja.com.mx\/index.php?rest_route=%2Fwp%2Fv2%2Fcategories&post=42898"},{"taxonomy":"post_tag","embeddable":true,"href":"https:\/\/zonaroja.com.mx\/index.php?rest_route=%2Fwp%2Fv2%2Ftags&post=42898"}],"curies":[{"name":"wp","href":"https:\/\/api.w.org\/{rel}","templated":true}]}}