{"id":42901,"date":"2022-06-28T21:10:58","date_gmt":"2022-06-29T02:10:58","guid":{"rendered":"http:\/\/www.zonaroja.com.mx\/?p=42901"},"modified":"2022-06-28T21:10:59","modified_gmt":"2022-06-29T02:10:59","slug":"aumenta-a-51-el-numero-de-migrantes-muertos-en-texas-serian-dos-oaxaquenos-heridos","status":"publish","type":"post","link":"https:\/\/zonaroja.com.mx\/?p=42901","title":{"rendered":"Aumenta a 51 el n\u00famero de migrantes muertos en Texas; ser\u00edan dos oaxaque\u00f1os heridos"},"content":{"rendered":"\n<p>Redacci\u00f3n\/Zona Roja Cdmx.<\/p>\n\n\n\n<p>Ciudad de M\u00e9xico, 28 de junio de 2022.- A 51 aument\u00f3 el n\u00famero de migrantes muertos en un tr\u00e1iler en San Antonio, Texas, Estados Unidos, de los cuales 27 son mexicanos.<\/p>\n\n\n\n<p>Asimismo, contin\u00faan hospitalizadas 13 personas, entre ellas habr\u00eda dos oaxaque\u00f1os, uno de los cuales ya fue identificado oficialmente como Jos\u00e9 Luis V\u00e1squez Guzm\u00e1n, de 32 a\u00f1os de edad y originario de San Miguel Huautla.<\/p>\n\n\n\n<p>De acuerdo con informaci\u00f3n del Consulado de M\u00e9xico en San Antonio, 27 de las personas fallecidas ser\u00eda presuntamente de nacionalidad mexicana porque se vinculaba alg\u00fan documento de identidad\u201d.&nbsp;<\/p>\n\n\n\n<p>Ahora, lo que procede es verificar identidades con huellas dactilares.<\/p>\n\n\n\n<p>Del total de fallecidos, 39 son hombres y 12 mujeres. Sin embargo, hasta el momento solo se tienen identificados a 34 de ellos.<\/p>\n\n\n\n<p>El gobernador de Oaxaca, Alejandro Murat Hinojosa, inform\u00f3 v\u00eda redes sociales que instruy\u00f3 a la directora del Instituto Oaxaque\u00f1o de Atenci\u00f3n al Migrante, A\u00edda Ruiz, a esta atenta a brindar cualquier apoyo que se requiera a los paisanos.<\/p>\n\n\n\n<p>Hasta el momento, de manera preliminar se ha informado que hay tres personas detenidas, responsables del tr\u00e1iler hallado ayer lunes en jurisdicci\u00f3n de San Antonio, Texas, con placas de circulaci\u00f3n sobrepuestas.<\/p>\n","protected":false},"excerpt":{"rendered":"<p>Redacci\u00f3n\/Zona Roja Cdmx. Ciudad de M\u00e9xico, 28 de junio de 2022.- A 51 aument\u00f3 el&hellip;<\/p>\n","protected":false},"author":2,"featured_media":42902,"comment_status":"closed","ping_status":"open","sticky":false,"template":"","format":"standard","meta":{"_lmt_disableupdate":"","_lmt_disable":"","_jetpack_memberships_contains_paid_content":false,"footnotes":""},"categories":[109,47],"tags":[3173],"class_list":["post-42901","post","type-post","status-publish","format-standard","has-post-thumbnail","hentry","category-minuto-a-minuto","category-zona-gris","tag-migrantes-texas-estados-unidos"],"jetpack_featured_media_url":"https:\/\/zonaroja.com.mx\/wp-content\/uploads\/2022\/06\/Trailer-migrantes-Texas-San-Antonio.jpeg","jetpack_sharing_enabled":true,"_links":{"self":[{"href":"https:\/\/zonaroja.com.mx\/index.php?rest_route=\/wp\/v2\/posts\/42901","targetHints":{"allow":["GET"]}}],"collection":[{"href":"https:\/\/zonaroja.com.mx\/index.php?rest_route=\/wp\/v2\/posts"}],"about":[{"href":"https:\/\/zonaroja.com.mx\/index.php?rest_route=\/wp\/v2\/types\/post"}],"author":[{"embeddable":true,"href":"https:\/\/zonaroja.com.mx\/index.php?rest_route=\/wp\/v2\/users\/2"}],"replies":[{"embeddable":true,"href":"https:\/\/zonaroja.com.mx\/index.php?rest_route=%2Fwp%2Fv2%2Fcomments&post=42901"}],"version-history":[{"count":1,"href":"https:\/\/zonaroja.com.mx\/index.php?rest_route=\/wp\/v2\/posts\/42901\/revisions"}],"predecessor-version":[{"id":42903,"href":"https:\/\/zonaroja.com.mx\/index.php?rest_route=\/wp\/v2\/posts\/42901\/revisions\/42903"}],"wp:featuredmedia":[{"embeddable":true,"href":"https:\/\/zonaroja.com.mx\/index.php?rest_route=\/wp\/v2\/media\/42902"}],"wp:attachment":[{"href":"https:\/\/zonaroja.com.mx\/index.php?rest_route=%2Fwp%2Fv2%2Fmedia&parent=42901"}],"wp:term":[{"taxonomy":"category","embeddable":true,"href":"https:\/\/zonaroja.com.mx\/index.php?rest_route=%2Fwp%2Fv2%2Fcategories&post=42901"},{"taxonomy":"post_tag","embeddable":true,"href":"https:\/\/zonaroja.com.mx\/index.php?rest_route=%2Fwp%2Fv2%2Ftags&post=42901"}],"curies":[{"name":"wp","href":"https:\/\/api.w.org\/{rel}","templated":true}]}}