{"id":42904,"date":"2022-06-28T21:33:24","date_gmt":"2022-06-29T02:33:24","guid":{"rendered":"http:\/\/www.zonaroja.com.mx\/?p=42904"},"modified":"2022-06-28T21:33:25","modified_gmt":"2022-06-29T02:33:25","slug":"oaxaca-entre-entidades-silenciadas-por-la-violencia-periodistas-temen-por-sus-vidas","status":"publish","type":"post","link":"https:\/\/zonaroja.com.mx\/?p=42904","title":{"rendered":"Oaxaca, entre entidades \u201csilenciadas\u201d por la violencia; periodistas temen por sus vidas"},"content":{"rendered":"\n<p>Yuridiana Sosa\/Zona Roja.<\/p>\n\n\n\n<p>Oaxaca de Ju\u00e1rez, Oax., 28 de junio de 2022.- Oaxaca forma parte de la lista de estados con \u201czonas silenciadas\u201d, donde la violencia, principalmente originada por el crimen organizado, ha puesto un alto a la libertad de expresi\u00f3n.<\/p>\n\n\n\n<p>As\u00ed lo confirm\u00f3 el director General del Mecanismo de Protecci\u00f3n para Personas Defensoras de Derechos Humanos y Periodistas, Erick Mart\u00edn Javier Salas, quien apunt\u00f3 que adem\u00e1s de silenciar a los periodistas, este tipo de circunstancias tambi\u00e9n controlan las publicaciones de los medios de comunicaci\u00f3n.<\/p>\n\n\n\n<p>Dicho control de la informaci\u00f3n, aclar\u00f3 en su reciente visita a la entidad, nada tiene que ver con el denominado \u201cchayote\u201d, sino m\u00e1s bien, los comunicadores acceden por miedo.<\/p>\n\n\n\n<p>Adem\u00e1s de Oaxaca, en la lista se encuentra Tamaulipas en primer lugar; adem\u00e1s, Veracruz y Guerrero.<\/p>\n\n\n\n<p>Esta violaci\u00f3n a la libertad de expresi\u00f3n de los periodistas, o control, tienen que ver con una condici\u00f3n sistem\u00e1tica y de reiterada violencia, toda vez que no hay presencia del Estado, apunt\u00f3 el director del mecanismo en su vista a Oaxaca para ofrecer un taller de Mecanismo de Protecci\u00f3n a Periodistas.<\/p>\n\n\n\n<p>MECANISMOS ABIERTOS<\/p>\n\n\n\n<p>Durante este encuentro, Javier Salas destac\u00f3 que en la actual administraci\u00f3n de Andr\u00e9s Manuel L\u00f3pez Obrador se ha rebasado el 100 por ciento de la incorporaci\u00f3n de personas a mecanismos de protecci\u00f3n en comparaci\u00f3n a la cifra recibida al inicio de este periodo.<\/p>\n\n\n\n<p>Las personas incorporadas al Mecanismo, tanto de defensores de derechos humanos como de periodistas, pas\u00f3 de 798 a mil 600, con la inscripci\u00f3n de 802.<\/p>\n\n\n\n<p>Oaxaca ocupa el segundo lugar con m\u00e1s personas incorporadas, con 155 casos, s\u00f3lo por debajo de la Ciudad de M\u00e9xico con 205 personas; se suma Guerrero con 114, Michoac\u00e1n con 111, Jalisco, 110 y Chiapas con 107.<\/p>\n\n\n\n<p>Respecto a periodistas incorporados al Mecanismo de Protecci\u00f3n, Oaxaca es el quinto estado con m\u00e1s casos, con 24 personas, de las que siete son mujeres y 17 hombres.<\/p>\n\n\n\n<p>Por defensores de derechos humanos, el director destac\u00f3 que Oaxaca es la entidad n\u00famero uno, con 131 incorporaciones, de las que 63 son mujeres y 68 son hombres.<\/p>\n\n\n\n<p>El director detall\u00f3 que los periodistas con m\u00e1s agresiones son aquellos que cubren las fuentes o temas de pol\u00edtica, pero tambi\u00e9n han sorprendido los casos de fuentes de Ciencia.<\/p>\n\n\n\n<p>En cuanto a los defensores, es por el tema de b\u00fasqueda de acceso a la justicia, medio ambiente y derechos sociales.<\/p>\n\n\n\n<p>Ante las cifras contra los trabajadores de los medios de comunicaci\u00f3n reconoci\u00f3 que \u201cesto indica que en M\u00e9xico la labor del ejercicio de la libertad de expresi\u00f3n es una labor sumamente peligrosa. Ejercer el periodismo es muy peligroso en M\u00e9xico y es una situaci\u00f3n que nos tiene aqu\u00ed coordinar esfuerzos con los tres \u00f3rdenes de gobierno\u201d.<\/p>\n\n\n\n<p>IMPUNIDAD<\/p>\n\n\n\n<p>Es la falta de aplicaci\u00f3n de justicia prevalece en cada uno de los sectores que incluye este mecanismo.<\/p>\n\n\n\n<p>De los 58 homicidios de periodistas registrados en la actual administraci\u00f3n nacional, s\u00f3lo en siete casos se ha dictado sentencia, lo que representa un 88 por ciento de impunidad.<\/p>\n\n\n\n<p>Pero la situaci\u00f3n en peor para los homicidios de defensores de derechos humanos, pues de los<\/p>\n\n\n\n<p>106 casos, solo en dos se ha dictado sentencia, es decir, el 98 por ciento de los casos siguen impunes.<\/p>\n\n\n\n<p>RECLAMAN LEY<\/p>\n\n\n\n<p>Los periodistas de Oaxaca reclamaron a los directivos del Mecanismo de Protecci\u00f3n para Personas Defensoras de Derechos Humanos y Periodistas que no haya una abierta convocatoria para los foros de consulta que organiza en busca de elaborar un proyecto de ley de protecci\u00f3n a periodistas.<\/p>\n\n\n\n<p>Adem\u00e1s, apuntaron que esta ley debe ser exclusiva y no compartida con el tema de los defensores de derechos humanos, ante las particularidades de cada caso.<\/p>\n\n\n\n<p>En tanto, expusieron la urgente necesidad que el propio Mecanismo de Protecci\u00f3n a periodistas se actualice y tenga \u201cdientes\u201d para defender al gremio, pues existen vac\u00edos que permiten que sigan las agresiones mientras que los agresores, en la mayor\u00eda de los casos servidores p\u00fablicos, contin\u00faan en el poder sin que haya consecuencias por los da\u00f1os.<\/p>\n","protected":false},"excerpt":{"rendered":"<p>Yuridiana Sosa\/Zona Roja. Oaxaca de Ju\u00e1rez, Oax., 28 de junio de 2022.- Oaxaca forma parte&hellip;<\/p>\n","protected":false},"author":2,"featured_media":42905,"comment_status":"closed","ping_status":"open","sticky":false,"template":"","format":"standard","meta":{"_lmt_disableupdate":"","_lmt_disable":"","_jetpack_memberships_contains_paid_content":false,"footnotes":""},"categories":[109,47],"tags":[1149],"class_list":["post-42904","post","type-post","status-publish","format-standard","has-post-thumbnail","hentry","category-minuto-a-minuto","category-zona-gris","tag-mecanismo-de-proteccion-a-periodistas"],"jetpack_featured_media_url":"https:\/\/zonaroja.com.mx\/wp-content\/uploads\/2022\/06\/Erick-Martin-Javier-Salas-periodistas.jpg","jetpack_sharing_enabled":true,"_links":{"self":[{"href":"https:\/\/zonaroja.com.mx\/index.php?rest_route=\/wp\/v2\/posts\/42904","targetHints":{"allow":["GET"]}}],"collection":[{"href":"https:\/\/zonaroja.com.mx\/index.php?rest_route=\/wp\/v2\/posts"}],"about":[{"href":"https:\/\/zonaroja.com.mx\/index.php?rest_route=\/wp\/v2\/types\/post"}],"author":[{"embeddable":true,"href":"https:\/\/zonaroja.com.mx\/index.php?rest_route=\/wp\/v2\/users\/2"}],"replies":[{"embeddable":true,"href":"https:\/\/zonaroja.com.mx\/index.php?rest_route=%2Fwp%2Fv2%2Fcomments&post=42904"}],"version-history":[{"count":1,"href":"https:\/\/zonaroja.com.mx\/index.php?rest_route=\/wp\/v2\/posts\/42904\/revisions"}],"predecessor-version":[{"id":42906,"href":"https:\/\/zonaroja.com.mx\/index.php?rest_route=\/wp\/v2\/posts\/42904\/revisions\/42906"}],"wp:featuredmedia":[{"embeddable":true,"href":"https:\/\/zonaroja.com.mx\/index.php?rest_route=\/wp\/v2\/media\/42905"}],"wp:attachment":[{"href":"https:\/\/zonaroja.com.mx\/index.php?rest_route=%2Fwp%2Fv2%2Fmedia&parent=42904"}],"wp:term":[{"taxonomy":"category","embeddable":true,"href":"https:\/\/zonaroja.com.mx\/index.php?rest_route=%2Fwp%2Fv2%2Fcategories&post=42904"},{"taxonomy":"post_tag","embeddable":true,"href":"https:\/\/zonaroja.com.mx\/index.php?rest_route=%2Fwp%2Fv2%2Ftags&post=42904"}],"curies":[{"name":"wp","href":"https:\/\/api.w.org\/{rel}","templated":true}]}}