{"id":4291,"date":"2019-09-26T08:53:08","date_gmt":"2019-09-26T13:53:08","guid":{"rendered":"http:\/\/www.zonaroja.com.mx\/?p=4291"},"modified":"2019-09-26T08:53:10","modified_gmt":"2019-09-26T13:53:10","slug":"localizan-muerto-a-joven-desaparecido-en-huajuapan-de-leon","status":"publish","type":"post","link":"https:\/\/zonaroja.com.mx\/?p=4291","title":{"rendered":"Localizan muerto a joven desaparecido en Huajuapan de Le\u00f3n"},"content":{"rendered":"\n<p>Redacci\u00f3n\/Zona\nRoja.<\/p>\n\n\n\n<p>Oaxaca de\nJu\u00e1rez, Oax., 26 de septiembre de 2019.- El cuerpo de un joven de 20 a\u00f1os de\nedad desaparecido el 21 de septiembre en Huajuapan de Le\u00f3n, fue hallado anoche\nen estado de putrefacci\u00f3n, en un camino local a la agencia de San Pedro\nYodoyuxi con el municipio de Tezoatl\u00e1n de Segura y Luna.<\/p>\n\n\n\n<p>Fue\nalrededor de las 20:00 horas en que corporaciones policiacas notificaron del hallazgo\ndel cuerpo, cuya vestimenta coincide con la que portaba Ulises Royer Rivera\nSalazar, quien fue reportado como desaparecido el pasado s\u00e1bado en la agencia\nVista Hermosa de Huajuapan.<\/p>\n\n\n\n<p>De acuerdo con la ficha que distribuy\u00f3 la Unidad de B\u00fasqueda de Personas Desaparecidas y No Localizadas de la Fiscal\u00eda General del Estado, en ese entonces vest\u00eda pantal\u00f3n de mezclilla, camiseta de manga corta y botas de trabajo color caf\u00e9.<\/p>\n\n\n\n<figure class=\"wp-block-image\"><img decoding=\"async\" width=\"621\" height=\"1024\" src=\"http:\/\/www.zonaroja.com.mx\/wp-content\/uploads\/2019\/09\/3ae65467-853c-441e-91d1-58ad848d0583-621x1024.jpg\" alt=\"\" class=\"wp-image-4292\" srcset=\"https:\/\/zonaroja.com.mx\/wp-content\/uploads\/2019\/09\/3ae65467-853c-441e-91d1-58ad848d0583-621x1024.jpg 621w, https:\/\/zonaroja.com.mx\/wp-content\/uploads\/2019\/09\/3ae65467-853c-441e-91d1-58ad848d0583-182x300.jpg 182w, https:\/\/zonaroja.com.mx\/wp-content\/uploads\/2019\/09\/3ae65467-853c-441e-91d1-58ad848d0583-768x1267.jpg 768w, https:\/\/zonaroja.com.mx\/wp-content\/uploads\/2019\/09\/3ae65467-853c-441e-91d1-58ad848d0583-585x965.jpg 585w, https:\/\/zonaroja.com.mx\/wp-content\/uploads\/2019\/09\/3ae65467-853c-441e-91d1-58ad848d0583.jpg 776w\" sizes=\"(max-width: 621px) 100vw, 621px\" \/><\/figure>\n\n\n\n<p>Como se\u00f1as\nparticulares, tiene un tatuaje en la mu\u00f1eca izquierda con el nombre de\n\u201cAlison\u201d; otro en la espalda con el nombre de \u201cEsperanza\u201d; y un \u00faltimo, en la\ncintura del lado izquierdo con la imagen de un payaso.<\/p>\n\n\n\n<p>Ulises\nRoyer, es de complexi\u00f3n delgada, de un metro con 70 cent\u00edmetros de estatura\naproximadamente, de tez morena, cara larga, frente amplia, cejas pobladas, ojos\ngrandes rasgados de color caf\u00e9 oscuro, nariz grande de base ancha, boca grande,\nlabios gruesos, ment\u00f3n redondo, cabello lacio corto y de color negro.<\/p>\n\n\n\n<p>La noche del\ndomingo 22, familiares del joven y habitantes de la agencia Vista Hermosa\nbloquearon la v\u00eda federal 190 y quemaron llantas, para exigir la b\u00fasqueda y\nlocalizaci\u00f3n del joven.<\/p>\n\n\n\n<p>El cuerpo\nhallado anoche, seg\u00fan las primeras indagatorias, ten\u00eda de cuatro a cinco d\u00edas\nde haber fallecido, aunque ser\u00e1n peritos de la Fiscal\u00eda General quienes\ndeterminen la identidad oficial del fallecido.<\/p>\n","protected":false},"excerpt":{"rendered":"<p>Redacci\u00f3n\/Zona Roja. Oaxaca de Ju\u00e1rez, Oax., 26 de septiembre de 2019.- El cuerpo de un&hellip;<\/p>\n","protected":false},"author":2,"featured_media":3411,"comment_status":"closed","ping_status":"open","sticky":false,"template":"","format":"standard","meta":{"_lmt_disableupdate":"","_lmt_disable":"","_jetpack_memberships_contains_paid_content":false,"footnotes":""},"categories":[109,51],"tags":[772],"class_list":["post-4291","post","type-post","status-publish","format-standard","has-post-thumbnail","hentry","category-minuto-a-minuto","category-zona-roja","tag-joven-desaparecido-muerto-huajuapan"],"jetpack_featured_media_url":"https:\/\/zonaroja.com.mx\/wp-content\/uploads\/2019\/08\/Asesinatos-2.jpg","jetpack_sharing_enabled":true,"_links":{"self":[{"href":"https:\/\/zonaroja.com.mx\/index.php?rest_route=\/wp\/v2\/posts\/4291","targetHints":{"allow":["GET"]}}],"collection":[{"href":"https:\/\/zonaroja.com.mx\/index.php?rest_route=\/wp\/v2\/posts"}],"about":[{"href":"https:\/\/zonaroja.com.mx\/index.php?rest_route=\/wp\/v2\/types\/post"}],"author":[{"embeddable":true,"href":"https:\/\/zonaroja.com.mx\/index.php?rest_route=\/wp\/v2\/users\/2"}],"replies":[{"embeddable":true,"href":"https:\/\/zonaroja.com.mx\/index.php?rest_route=%2Fwp%2Fv2%2Fcomments&post=4291"}],"version-history":[{"count":1,"href":"https:\/\/zonaroja.com.mx\/index.php?rest_route=\/wp\/v2\/posts\/4291\/revisions"}],"predecessor-version":[{"id":4293,"href":"https:\/\/zonaroja.com.mx\/index.php?rest_route=\/wp\/v2\/posts\/4291\/revisions\/4293"}],"wp:featuredmedia":[{"embeddable":true,"href":"https:\/\/zonaroja.com.mx\/index.php?rest_route=\/wp\/v2\/media\/3411"}],"wp:attachment":[{"href":"https:\/\/zonaroja.com.mx\/index.php?rest_route=%2Fwp%2Fv2%2Fmedia&parent=4291"}],"wp:term":[{"taxonomy":"category","embeddable":true,"href":"https:\/\/zonaroja.com.mx\/index.php?rest_route=%2Fwp%2Fv2%2Fcategories&post=4291"},{"taxonomy":"post_tag","embeddable":true,"href":"https:\/\/zonaroja.com.mx\/index.php?rest_route=%2Fwp%2Fv2%2Ftags&post=4291"}],"curies":[{"name":"wp","href":"https:\/\/api.w.org\/{rel}","templated":true}]}}