{"id":42929,"date":"2022-06-29T08:48:57","date_gmt":"2022-06-29T13:48:57","guid":{"rendered":"http:\/\/www.zonaroja.com.mx\/?p=42929"},"modified":"2022-06-29T08:48:59","modified_gmt":"2022-06-29T13:48:59","slug":"tambien-graves-irregularidades-en-seguridad-publica-dejo-oswaldo-garcia-jarquin","status":"publish","type":"post","link":"https:\/\/zonaroja.com.mx\/?p=42929","title":{"rendered":"Tambi\u00e9n graves irregularidades en seguridad p\u00fablica dej\u00f3 Oswaldo Garc\u00eda Jarqu\u00edn"},"content":{"rendered":"\n<p>Redacci\u00f3n\/Zona Roja.<\/p>\n\n\n\n<p>Oaxaca de Ju\u00e1rez, Oax, 29 de junio de 2022.- En el \u00e1rea de seguridad p\u00fablica tambi\u00e9n hubo graves irregularidades, en el trienio del morenista Oswaldo Garc\u00eda Jarqu\u00edn.<\/p>\n\n\n\n<p>Entre ellas, exist\u00eda un estatus cr\u00edtico, tanto en lo financiero, como de recursos humanos, materiales, veh\u00edculos, infraestructura, entre otros aspectos, destac\u00f3 ayer el edil Francisco Mart\u00ednez Neri.<\/p>\n\n\n\n<p>Detall\u00f3 que respecto a recursos humanos, durante el ejercicio 2021 se registr\u00f3 la baja de 27 trabajadores; mismo n\u00famero de plazas operativas que se abrieron en los grados de suboficial primero, segundo y tercero, pero que solo seis se concursaron de forma interna y del resto se desconoce la forma de asignaci\u00f3n, pues esos lugares ya no est\u00e1n disponibles.<\/p>\n\n\n\n<p>En la revisi\u00f3n se detect\u00f3 que en pandemia, 107 elementos se encontraban en cuarentena, pero ya mayor\u00eda no contaba con documentos de un centro de salud oficial que validara su condici\u00f3n; de ellos, 89 volvieron a labores, as\u00ed como los 68 que se encontraban comisionadas a dependencias se reincorporaron a las labores municipales.<\/p>\n\n\n\n<p>De estos \u00faltimos, uno se encontraba comisionado a una dependencia estatal y el resto a \u00e1reas y funcionarios municipales; en esta administraci\u00f3n municipal ya fueron reincorporados a sus actividades.<\/p>\n\n\n\n<p>Respecto a recursos materiales, la flota vehicular se encontr\u00f3 es estado cr\u00edtico; faltante de autopartes de veh\u00edculos en resguardo de encierros oficiales, dos con reporte de robo ante la Fiscal\u00eda de Oaxaca; se detectaron inconsistencias en el almac\u00e9n de informes y calzado; nueve videoc\u00e1maras de vigilancia sin funcionar, faltantes de equipos de comunicaci\u00f3n.<\/p>\n\n\n\n<p>Por m\u00e1s de siete a\u00f1os no se hab\u00eda realizado el cambio de colchones y de equipos de c\u00f3mputo en mal estado.<\/p>\n\n\n\n<p>Referente a la adquisici\u00f3n de accesorios de equipos de transporte, como llantas, aceites, lubricantes, aditivos, refacciones, en la bodega del taller de mantenimiento no se encontraron dichos bienes ni la documentaci\u00f3n que compruebe a qu\u00e9 veh\u00edculos fueron suministrados, los cuales fueron adquiridos en el mes de marzo de 2021 y entregados en noviembre del mismo a\u00f1o.<\/p>\n\n\n\n<p>Se hallaron nueve equipos de videovigilancia que no funcionan; hay inconsistencia en los vales de salid de uniformes y equipos; en los encierros oficiales\u00a0 se hallaron faltantes de autocares de veh\u00edculos resguardados e incluso desaparecieron dos unidades de motor, tipo Tsuru.<\/p>\n\n\n\n<p>Cabe mencionar que uno de los \u00faltimos titulares de la polic\u00eda municipal con Oswaldo Garc\u00eda Jarqu\u00edn fue Marcos Fredy Hern\u00e1ndez, actual responsable de seguridad en Santa Luc\u00eda del Camino.<\/p>\n","protected":false},"excerpt":{"rendered":"<p>Redacci\u00f3n\/Zona Roja. Oaxaca de Ju\u00e1rez, Oax, 29 de junio de 2022.- En el \u00e1rea de&hellip;<\/p>\n","protected":false},"author":2,"featured_media":42930,"comment_status":"closed","ping_status":"open","sticky":false,"template":"","format":"standard","meta":{"_lmt_disableupdate":"","_lmt_disable":"","_jetpack_memberships_contains_paid_content":false,"footnotes":""},"categories":[109,47],"tags":[115],"class_list":["post-42929","post","type-post","status-publish","format-standard","has-post-thumbnail","hentry","category-minuto-a-minuto","category-zona-gris","tag-oswaldo-garcia-jarquin"],"jetpack_featured_media_url":"https:\/\/zonaroja.com.mx\/wp-content\/uploads\/2022\/06\/Oswaldo-Garcia-Jarquin-y-Marcos-Fredy-Hernandez.jpg","jetpack_sharing_enabled":true,"_links":{"self":[{"href":"https:\/\/zonaroja.com.mx\/index.php?rest_route=\/wp\/v2\/posts\/42929","targetHints":{"allow":["GET"]}}],"collection":[{"href":"https:\/\/zonaroja.com.mx\/index.php?rest_route=\/wp\/v2\/posts"}],"about":[{"href":"https:\/\/zonaroja.com.mx\/index.php?rest_route=\/wp\/v2\/types\/post"}],"author":[{"embeddable":true,"href":"https:\/\/zonaroja.com.mx\/index.php?rest_route=\/wp\/v2\/users\/2"}],"replies":[{"embeddable":true,"href":"https:\/\/zonaroja.com.mx\/index.php?rest_route=%2Fwp%2Fv2%2Fcomments&post=42929"}],"version-history":[{"count":1,"href":"https:\/\/zonaroja.com.mx\/index.php?rest_route=\/wp\/v2\/posts\/42929\/revisions"}],"predecessor-version":[{"id":42931,"href":"https:\/\/zonaroja.com.mx\/index.php?rest_route=\/wp\/v2\/posts\/42929\/revisions\/42931"}],"wp:featuredmedia":[{"embeddable":true,"href":"https:\/\/zonaroja.com.mx\/index.php?rest_route=\/wp\/v2\/media\/42930"}],"wp:attachment":[{"href":"https:\/\/zonaroja.com.mx\/index.php?rest_route=%2Fwp%2Fv2%2Fmedia&parent=42929"}],"wp:term":[{"taxonomy":"category","embeddable":true,"href":"https:\/\/zonaroja.com.mx\/index.php?rest_route=%2Fwp%2Fv2%2Fcategories&post=42929"},{"taxonomy":"post_tag","embeddable":true,"href":"https:\/\/zonaroja.com.mx\/index.php?rest_route=%2Fwp%2Fv2%2Ftags&post=42929"}],"curies":[{"name":"wp","href":"https:\/\/api.w.org\/{rel}","templated":true}]}}