{"id":42932,"date":"2022-06-29T15:13:53","date_gmt":"2022-06-29T20:13:53","guid":{"rendered":"http:\/\/www.zonaroja.com.mx\/?p=42932"},"modified":"2022-06-29T17:30:10","modified_gmt":"2022-06-29T22:30:10","slug":"peligra-vida-de-mujer-atacada-en-mitlatongo-por-vecinos-de-santa-cruz","status":"publish","type":"post","link":"https:\/\/zonaroja.com.mx\/?p=42932","title":{"rendered":"Peligra vida de mujer atacada en Mitlatongo por vecinos de Santa Cruz"},"content":{"rendered":"\n<p>Yuridiana Sosa\/Zona Roja.<\/p>\n\n\n\n<p>Oaxaca de Ju\u00e1rez, Oax., 29 de junio de 2022.- La omisi\u00f3n de las autoridades para dar fin a la disputa de tierras entre Santa Cruz Mitlatongo y Santiago Mitlatongo, sigue cobrando saldos lamentables contra la vida e integridad de sus habitantes.<\/p>\n\n\n\n<p>El m\u00e1s reciente caso fue contra dos mujeres de la comunidad de Santiago, una de las cuales lucha por su vida al ser atacada en el patio de su casa, lejos de la zona lim\u00edtrofe.<\/p>\n\n\n\n<p>Una madre de familia herida de cuatro impactos de bala de fuego se encuentra en estado de salud grave en un hospital la capital del estado, luego que el s\u00e1bado por la tarde fue v\u00edctima de un ataque por parte de comuneros de Santa Cruz Mitlatongo, perteneciente al municipio de Magdalena Jaltepec, de la regi\u00f3n Mixteca.<\/p>\n\n\n\n<p>\u201cPido al gobierno que hagan algo, porque esos hijos de la chingada no tienen madre lo que nos est\u00e1n haciendo, siempre nos hacen algo, nadie act\u00faa, nadie hace nada y nos culpan a nosotros\u201d, reclama con coraje el esposo de la mujer herida, quien por miedo de volver a ser atacados reserv\u00f3 su identidad.<\/p>\n\n\n\n<p>HECHOS<\/p>\n\n\n\n<p>En conferencia de prensa, el hombre detall\u00f3 lo ocurrido el s\u00e1bado 25 de junio, cerca de las 16:00 horas, en su rancher\u00eda Ojo de Agua, de la comunidad de Santiago Mitlatongo, del municipio de Asunci\u00f3n Nochixtl\u00e1n.<\/p>\n\n\n\n<p>A unos siete u ocho kil\u00f3metros de la zona en disputa, la familia regresaba de sus labores del campo cuando recibieron el ataque en el patio de su casa.<\/p>\n\n\n\n<p>Detall\u00f3 que su esposa recibi\u00f3 cuatro impactos de bala, dos por la espalda y dos en la pierna; su cu\u00f1ada tambi\u00e9n fue lesionada; su sobrina menor de edad al igual que sus peque\u00f1os hijos tambi\u00e9n en el lugar, libraron el ataque, al igual que \u00e9l pues se hab\u00eda quedado atr\u00e1s en el camino.<\/p>\n\n\n\n<p>\u201cAh\u00ed est\u00e1n los hechos. El a\u00f1o pasado tambi\u00e9n pas\u00f3 con otra familia\u201d, expres\u00f3 el hombre ante la falta de acciones para mantener la paz. Y agreg\u00f3 \u201cNo puede uno vivir en paz\u2026El gobierno se hace pendejo\u201d.<\/p>\n\n\n\n<figure class=\"wp-block-embed is-type-rich is-provider-twitter wp-block-embed-twitter\"><div class=\"wp-block-embed__wrapper\">\n<div class=\"twitter-tweet\"><blockquote class=\"twitter-tweet\" data-lang=\"es\"><p lang=\"es\" dir=\"ltr\"><a href=\"https:\/\/twitter.com\/hashtag\/ENVIVO?src=hash&amp;ref_src=twsrc%5Etfw\">#ENVIVO<\/a> <br>Oaxaca de Ju\u00e1rez, Oax., 29 de junio de 2022.- Conferencia de prensa de habitantes de Santiago Mitlatongo, que denuncian ataque armado por pobladores de Santa Cruz Mitlatongo.<br>Aqu\u00ed la transmisi\u00f3n:<br>\ud83d\udc47<a href=\"https:\/\/t.co\/gGI0c222zT\">https:\/\/t.co\/gGI0c222zT<\/a> <a href=\"https:\/\/t.co\/6XHP2xvxBc\">pic.twitter.com\/6XHP2xvxBc<\/a><\/p>&mdash; Zona Roja Oaxaca (@ZonaRoja_Oaxaca) <a href=\"https:\/\/twitter.com\/ZonaRoja_Oaxaca\/status\/1542211753601384448?ref_src=twsrc%5Etfw\">29 de junio de 2022<\/a><\/blockquote><\/div>\n<\/div><\/figure>\n\n\n\n<p>Por los actos, presentar\u00e1 la denuncia correspondiente ante la Fiscal\u00eda General del Estado, sin embargo, ni la autoridad municipal ni el Gobierno del Estado le han manifestado apoyo alguno sobre esta situaci\u00f3n.<\/p>\n\n\n\n<p>En la zona, como las autoridades, identifican a los hombres que lideran al grupo agresor de Santa Cruz, de nombres Felix , Aquilino y Odil\u00f3n, apunt\u00f3 la v\u00edctima del hecho.<\/p>\n\n\n\n<p>A consecuencia del ataque, la salud de sus menores hijos ha&nbsp;desmejorado, principalmente la de un beb\u00e9 de seis meses.<\/p>\n\n\n\n<p>OTROS ATAQUES<\/p>\n\n\n\n<p>En abril de este a\u00f1o, una persona perdi\u00f3 la vida tras un ataque armado en los l\u00edmites de Santa Cruz Mitlatongo y Santiago Mitlatongo.<\/p>\n\n\n\n<p>Meses antes, el 25 de noviembre, autoridades agrarias de Santiago Mitlatongo denunciaron que fueron pobladores de Santa Cruz Mitlatongo quienes asesinaron d\u00edas antes a una persona en su comunidad, mientras que sus vecinos apuntaron lo contrario.<\/p>\n\n\n\n<p>Autoridades estatales se hab\u00edan comprometido previamente a enviar la Guardia Nacional para realizar cada tercer d\u00eda rondines, pero nunca llegaron.<\/p>\n\n\n\n<p>En agosto de 2021 tambi\u00e9n ocurri\u00f3 otro ataque, es esta ocasi\u00f3n se dio a conocer que habitantes de Santiago atacaron con armas de fuego a sus vecinos de Santa Cruz cuando se encontraban en labores del campo, lo que dej\u00f3 como saldo preliminar una persona lesionada de bala y otra desaparecida, de acuerdo a autoridades de esta \u00faltima comunidad.<\/p>\n\n\n\n<p>Tras ese hecho, La Secretar\u00eda General de Gobierno (Segego), la delegaci\u00f3n de la Secretar\u00eda de Gobernaci\u00f3n Oaxaca (Segob) y la Coordinaci\u00f3n General de Atenci\u00f3n Regional (CGAR), instalaron junto con la Fiscal\u00eda General del Estado de Oaxaca (FGEO), Guardia Nacional y la Secretar\u00eda de Seguridad P\u00fablica (SSP), dos mesas de di\u00e1logo con autoridades municipales, auxiliares, agrarias y comisiones ciudadanas de Santa Cruz Mitlatongo y Santiago Mitlatongo.<\/p>\n\n\n\n<p>Pero no progres\u00f3 a una conciliaci\u00f3n de paz por la disputa de cerca de mil 90 hect\u00e1reas.<\/p>\n\n\n\n<p>En tanto, en septiembre de 2020, en Santiago Mitlatongo retuvo a cuatro personas, entre ellas una mujer embarazada, de Santa Cruz, mientras que en mayo de ese a\u00f1o tambi\u00e9n se registr\u00f3 hecho similar contra nueve personas.<\/p>\n","protected":false},"excerpt":{"rendered":"<p>Yuridiana Sosa\/Zona Roja. Oaxaca de Ju\u00e1rez, Oax., 29 de junio de 2022.- La omisi\u00f3n de&hellip;<\/p>\n","protected":false},"author":2,"featured_media":42941,"comment_status":"closed","ping_status":"open","sticky":false,"template":"","format":"standard","meta":{"_lmt_disableupdate":"","_lmt_disable":"","_jetpack_memberships_contains_paid_content":false,"footnotes":""},"categories":[109,47],"tags":[1666],"class_list":["post-42932","post","type-post","status-publish","format-standard","has-post-thumbnail","hentry","category-minuto-a-minuto","category-zona-gris","tag-santiago-mitlatongo"],"jetpack_featured_media_url":"https:\/\/zonaroja.com.mx\/wp-content\/uploads\/2022\/06\/07a445f4-ec08-4835-b5e6-4db8758e6eac.jpg","jetpack_sharing_enabled":true,"_links":{"self":[{"href":"https:\/\/zonaroja.com.mx\/index.php?rest_route=\/wp\/v2\/posts\/42932","targetHints":{"allow":["GET"]}}],"collection":[{"href":"https:\/\/zonaroja.com.mx\/index.php?rest_route=\/wp\/v2\/posts"}],"about":[{"href":"https:\/\/zonaroja.com.mx\/index.php?rest_route=\/wp\/v2\/types\/post"}],"author":[{"embeddable":true,"href":"https:\/\/zonaroja.com.mx\/index.php?rest_route=\/wp\/v2\/users\/2"}],"replies":[{"embeddable":true,"href":"https:\/\/zonaroja.com.mx\/index.php?rest_route=%2Fwp%2Fv2%2Fcomments&post=42932"}],"version-history":[{"count":1,"href":"https:\/\/zonaroja.com.mx\/index.php?rest_route=\/wp\/v2\/posts\/42932\/revisions"}],"predecessor-version":[{"id":42933,"href":"https:\/\/zonaroja.com.mx\/index.php?rest_route=\/wp\/v2\/posts\/42932\/revisions\/42933"}],"wp:featuredmedia":[{"embeddable":true,"href":"https:\/\/zonaroja.com.mx\/index.php?rest_route=\/wp\/v2\/media\/42941"}],"wp:attachment":[{"href":"https:\/\/zonaroja.com.mx\/index.php?rest_route=%2Fwp%2Fv2%2Fmedia&parent=42932"}],"wp:term":[{"taxonomy":"category","embeddable":true,"href":"https:\/\/zonaroja.com.mx\/index.php?rest_route=%2Fwp%2Fv2%2Fcategories&post=42932"},{"taxonomy":"post_tag","embeddable":true,"href":"https:\/\/zonaroja.com.mx\/index.php?rest_route=%2Fwp%2Fv2%2Ftags&post=42932"}],"curies":[{"name":"wp","href":"https:\/\/api.w.org\/{rel}","templated":true}]}}