{"id":42937,"date":"2022-06-29T15:32:52","date_gmt":"2022-06-29T20:32:52","guid":{"rendered":"http:\/\/www.zonaroja.com.mx\/?p=42937"},"modified":"2022-06-29T15:47:47","modified_gmt":"2022-06-29T20:47:47","slug":"directora-de-prepa-7-de-la-uabjo-denuncia-violencia-en-su-contra","status":"publish","type":"post","link":"https:\/\/zonaroja.com.mx\/?p=42937","title":{"rendered":"Directora de Prepa 7 de la UABJO denuncia violencia en su contra"},"content":{"rendered":"\n<p>Yuridiana Sosa\/Zona Roja.<\/p>\n\n\n\n<p>Oaxaca de Ju\u00e1rez, Oax., 29 de junio 2022.- La directora de la Escuela Preparatoria 7 de la Universidad Aut\u00f3noma \u201cBenito Ju\u00e1rez\u201d de Oaxaca (UABJO), Irma Yolanda Ortiz Acosta, denunci\u00f3 al rector Cristian \u00c9der Carre\u00f1o L\u00f3pez y al ex rector Abraham Mart\u00ednez Alav\u00e9s, de violencia pol\u00edtica de g\u00e9nero.<\/p>\n\n\n\n<p>En conferencia de prensa, expuso que dentro de su escuela se ha iniciado una campa\u00f1a para desestabilizar la instituci\u00f3n y sacarla, lo cual qued\u00f3 manifestado por una pinta en la barda exterior de la Preparatoria, en la exigen su salida.<\/p>\n\n\n\n<p>De los actos, Ortiz Acosta responsabiliz\u00f3 al ex rector Abraham Mart\u00ednez Alav\u00e9s, apoyado de un grupo al interior y con el aval de Carre\u00f1o L\u00f3pez.<\/p>\n\n\n\n<p>Ortiz Acosta forma parte del grupo de directivos que este martes mostraron su respaldo al director de la Facultad de Contadur\u00eda y Administraci\u00f3n, Gerardo Velasco Soriano, quien denunci\u00f3 la imposici\u00f3n de un nuevo director de su escuela por medio de una sesi\u00f3n del Consejo T\u00e9cnico ama\u00f1ada y con firmas falsas en la convocatoria, como ocurri\u00f3 en la designaci\u00f3n Carre\u00f1o L\u00f3pez, respaldado por un grupo reducido encabezado por Mart\u00ednez Alav\u00e9s.<\/p>\n\n\n\n<figure class=\"wp-block-embed is-type-rich is-provider-twitter wp-block-embed-twitter\"><div class=\"wp-block-embed__wrapper\">\n<div class=\"twitter-tweet\"><blockquote class=\"twitter-tweet\" data-lang=\"es\"><p lang=\"es\" dir=\"ltr\"><a href=\"https:\/\/twitter.com\/hashtag\/ENVIVO?src=hash&amp;ref_src=twsrc%5Etfw\">#ENVIVO<\/a> <br>Oaxaca de Ju\u00e1rez, Oax., 29 de junio de 2022.- Conferencia de prensa de la directora de la Preparatoria 7 de la <a href=\"https:\/\/twitter.com\/UABJO?ref_src=twsrc%5Etfw\">@UABJO<\/a>, Irma Yolanda Ortiz, para denunciar actos de violencia en su contra. Culpan a Abraham Mart\u00ednez Alav\u00e9s.<br>Aqu\u00ed la transmisi\u00f3n: <br>\ud83d\udc47<a href=\"https:\/\/t.co\/hKvOqEhTdM\">https:\/\/t.co\/hKvOqEhTdM<\/a> <a href=\"https:\/\/t.co\/6ETgEsfjiF\">pic.twitter.com\/6ETgEsfjiF<\/a><\/p>&mdash; Zona Roja Oaxaca (@ZonaRoja_Oaxaca) <a href=\"https:\/\/twitter.com\/ZonaRoja_Oaxaca\/status\/1542189912652382210?ref_src=twsrc%5Etfw\">29 de junio de 2022<\/a><\/blockquote><\/div>\n<\/div><\/figure>\n\n\n\n<p>Acompa\u00f1ada de ese mismo grupo de directivos, de facultades como Contadur\u00eda y Administraci\u00f3n, Econom\u00eda, Escuela de Gastronom\u00eda, Facultad de Idiomas, ex directores, as\u00ed como trabajadores y alumnos, la directora de la Prepa 7 reiter\u00f3 el posicionamiento que le hicieron a Cristian Carre\u00f1o, a quien este grupo le demand\u00f3 respeto por estas escuelas.<\/p>\n\n\n\n<p>\u201cLe dijimos que acept\u00e1bamos que fuera el rector, que ya estaba ah\u00ed, no de la mejor manera como lo dicta la ley org\u00e1nica a trav\u00e9s del voto, pero entendimos las condiciones, y que iba a haber respeto de nuestra parte y eso mismo le pedimos\u201d, expres\u00f3 la directora.<\/p>\n\n\n\n<p>Ante estas acciones, Ortiz Acosta interpondr\u00e1 las denuncias correspondientes ante la Fiscal\u00eda General de Oaxaca contra dichos funcionarios universitarios.<\/p>\n\n\n\n<p>Pero a su vez, teme que a partir de estos actos que solo generan inestabilidad en la vida Universitaria, regresen actos violentos como ocurr\u00eda hace varios a\u00f1os por el control y que ya hab\u00eda quedado superado.<\/p>\n","protected":false},"excerpt":{"rendered":"<p>Yuridiana Sosa\/Zona Roja. Oaxaca de Ju\u00e1rez, Oax., 29 de junio 2022.- La directora de la&hellip;<\/p>\n","protected":false},"author":2,"featured_media":42939,"comment_status":"closed","ping_status":"open","sticky":false,"template":"","format":"standard","meta":{"_lmt_disableupdate":"","_lmt_disable":"","_jetpack_memberships_contains_paid_content":false,"footnotes":""},"categories":[109,47],"tags":[3169],"class_list":["post-42937","post","type-post","status-publish","format-standard","has-post-thumbnail","hentry","category-minuto-a-minuto","category-zona-gris","tag-cristian-eder-carreno-lopez"],"jetpack_featured_media_url":"https:\/\/zonaroja.com.mx\/wp-content\/uploads\/2022\/06\/29985fa9-d4b1-47fd-8824-e2d054cf2471.jpg","jetpack_sharing_enabled":true,"_links":{"self":[{"href":"https:\/\/zonaroja.com.mx\/index.php?rest_route=\/wp\/v2\/posts\/42937","targetHints":{"allow":["GET"]}}],"collection":[{"href":"https:\/\/zonaroja.com.mx\/index.php?rest_route=\/wp\/v2\/posts"}],"about":[{"href":"https:\/\/zonaroja.com.mx\/index.php?rest_route=\/wp\/v2\/types\/post"}],"author":[{"embeddable":true,"href":"https:\/\/zonaroja.com.mx\/index.php?rest_route=\/wp\/v2\/users\/2"}],"replies":[{"embeddable":true,"href":"https:\/\/zonaroja.com.mx\/index.php?rest_route=%2Fwp%2Fv2%2Fcomments&post=42937"}],"version-history":[{"count":1,"href":"https:\/\/zonaroja.com.mx\/index.php?rest_route=\/wp\/v2\/posts\/42937\/revisions"}],"predecessor-version":[{"id":42938,"href":"https:\/\/zonaroja.com.mx\/index.php?rest_route=\/wp\/v2\/posts\/42937\/revisions\/42938"}],"wp:featuredmedia":[{"embeddable":true,"href":"https:\/\/zonaroja.com.mx\/index.php?rest_route=\/wp\/v2\/media\/42939"}],"wp:attachment":[{"href":"https:\/\/zonaroja.com.mx\/index.php?rest_route=%2Fwp%2Fv2%2Fmedia&parent=42937"}],"wp:term":[{"taxonomy":"category","embeddable":true,"href":"https:\/\/zonaroja.com.mx\/index.php?rest_route=%2Fwp%2Fv2%2Fcategories&post=42937"},{"taxonomy":"post_tag","embeddable":true,"href":"https:\/\/zonaroja.com.mx\/index.php?rest_route=%2Fwp%2Fv2%2Ftags&post=42937"}],"curies":[{"name":"wp","href":"https:\/\/api.w.org\/{rel}","templated":true}]}}