{"id":4294,"date":"2019-09-26T09:01:47","date_gmt":"2019-09-26T14:01:47","guid":{"rendered":"http:\/\/www.zonaroja.com.mx\/?p=4294"},"modified":"2019-09-26T09:01:50","modified_gmt":"2019-09-26T14:01:50","slug":"realizaran-encuentro-de-maiz-nativo-y-comunal-en-oaxaca","status":"publish","type":"post","link":"https:\/\/zonaroja.com.mx\/?p=4294","title":{"rendered":"Realizar\u00e1n encuentro de ma\u00edz nativo y comunal en Oaxaca"},"content":{"rendered":"\n<p>Evlin\nArag\u00f3n\/Zona Roja.<\/p>\n\n\n\n<p>Oaxaca de\nJu\u00e1rez, Oax., 26 de septiembre de 2019.- Este fin de semana se llevar\u00e1 a cabo\nen la capital del estado el \u201cEncuentro Estatal Ma\u00edz Comunal de Oaxaca para el\nMundo\u201d, organizado por acad\u00e9micos, campesinos y diversas organizaciones\nsociales agrupadas en el Espacio Estatal en Defensa del Ma\u00edz Nativo de\nOaxaca.&nbsp; <\/p>\n\n\n\n<p>Mesas de\ntrabajo, paneles, actividades culturales y ofrendas, forman parte de las\nactividades que conforman el programa para este viernes y s\u00e1bado, en donde se\ndialogar\u00e1 sobre la importancia del ma\u00edz, de la semilla nativa y las intenciones\nexternas de privatizarlas.<\/p>\n\n\n\n<p>De acuerdo\ncon los organizadores, recientemente se ha dado a conocer que universidades y\ncorporaciones de Estados Unidos \u201cpiratean\u201d una variedad espec\u00edfica de ma\u00edz que\ndurante cientos de a\u00f1os ha sido seleccionado cuidadosamente por comunidades\nMixes de Oaxaca, por lo que al interior del encuentro se busca reflexionar\nsobre biopirater\u00eda y el despojo de semillas.<\/p>\n\n\n\n<p>\u201cLas\nuniversidades de California-Davis y Wisconsin-Madison, en conjunto con la\ncorporaci\u00f3n Mars Inc. (due\u00f1a de marcas como Snickers y M&amp;M) pretenden\napoderarse de las semillas para finalmente acaparar los eslabones de una\ncadena: producir, transportar, almacenar y transformar materias primas\u201d\ndenunciaron previamente al anunciar la actividad de este fin de semana.<\/p>\n\n\n\n<p>Algunos de\nlas y los participantes en el Encuentro Estatal del Ma\u00edz son: Alejandro\nEspinoza, Ana de Ita, Antonio Serratos, Alberto G\u00f3mez, as\u00ed como los campesinos\nJoel Aquino de Yalalag, Alfonso Venegas Garc\u00eda y Marcelina Reyes Espina, de La\nEstancia, Miahuatl\u00e1n, quienes expondr\u00e1n su opini\u00f3n y puntos de vista sobre la\nsituaci\u00f3n que atraviesa el grano m\u00e1s consumido de M\u00e9xico.<\/p>\n\n\n\n<p>Mientras que\nel s\u00e1bado se prev\u00e9n actividades culturales como la calenda hacia el Museo de\nArte Contempor\u00e1neo de Oaxaca acompa\u00f1ados de la banda Alma Yalalteca; la obra de\nteatro \u201cNos han dado el ma\u00edz\u201d; la construcci\u00f3n colectiva de un altar, entre\notras actividades.<\/p>\n\n\n\n<p>La cita es\nel viernes a partir de las nueve de la ma\u00f1ana en la Casa de la Iglesia de los\nPobres, en la colonia Reforma, y el s\u00e1bado en el Museo de Arte Contempor\u00e1neo de\nOaxaca (Maco) ubicado en el Andador Tur\u00edstico a donde arribar\u00e1 la calenda a\npartir de las 11 de la ma\u00f1ana.<\/p>\n","protected":false},"excerpt":{"rendered":"<p>Evlin Arag\u00f3n\/Zona Roja. Oaxaca de Ju\u00e1rez, Oax., 26 de septiembre de 2019.- Este fin de&hellip;<\/p>\n","protected":false},"author":2,"featured_media":4295,"comment_status":"closed","ping_status":"open","sticky":false,"template":"","format":"standard","meta":{"_lmt_disableupdate":"","_lmt_disable":"","_jetpack_memberships_contains_paid_content":false,"footnotes":""},"categories":[109,52],"tags":[],"class_list":["post-4294","post","type-post","status-publish","format-standard","has-post-thumbnail","hentry","category-minuto-a-minuto","category-zona-verde"],"jetpack_featured_media_url":"https:\/\/zonaroja.com.mx\/wp-content\/uploads\/2019\/09\/ma\u00edz.jpg","jetpack_sharing_enabled":true,"_links":{"self":[{"href":"https:\/\/zonaroja.com.mx\/index.php?rest_route=\/wp\/v2\/posts\/4294","targetHints":{"allow":["GET"]}}],"collection":[{"href":"https:\/\/zonaroja.com.mx\/index.php?rest_route=\/wp\/v2\/posts"}],"about":[{"href":"https:\/\/zonaroja.com.mx\/index.php?rest_route=\/wp\/v2\/types\/post"}],"author":[{"embeddable":true,"href":"https:\/\/zonaroja.com.mx\/index.php?rest_route=\/wp\/v2\/users\/2"}],"replies":[{"embeddable":true,"href":"https:\/\/zonaroja.com.mx\/index.php?rest_route=%2Fwp%2Fv2%2Fcomments&post=4294"}],"version-history":[{"count":1,"href":"https:\/\/zonaroja.com.mx\/index.php?rest_route=\/wp\/v2\/posts\/4294\/revisions"}],"predecessor-version":[{"id":4296,"href":"https:\/\/zonaroja.com.mx\/index.php?rest_route=\/wp\/v2\/posts\/4294\/revisions\/4296"}],"wp:featuredmedia":[{"embeddable":true,"href":"https:\/\/zonaroja.com.mx\/index.php?rest_route=\/wp\/v2\/media\/4295"}],"wp:attachment":[{"href":"https:\/\/zonaroja.com.mx\/index.php?rest_route=%2Fwp%2Fv2%2Fmedia&parent=4294"}],"wp:term":[{"taxonomy":"category","embeddable":true,"href":"https:\/\/zonaroja.com.mx\/index.php?rest_route=%2Fwp%2Fv2%2Fcategories&post=4294"},{"taxonomy":"post_tag","embeddable":true,"href":"https:\/\/zonaroja.com.mx\/index.php?rest_route=%2Fwp%2Fv2%2Ftags&post=4294"}],"curies":[{"name":"wp","href":"https:\/\/api.w.org\/{rel}","templated":true}]}}