{"id":42942,"date":"2022-06-29T19:43:12","date_gmt":"2022-06-30T00:43:12","guid":{"rendered":"http:\/\/www.zonaroja.com.mx\/?p=42942"},"modified":"2022-06-29T19:43:14","modified_gmt":"2022-06-30T00:43:14","slug":"opinion-entubar-el-atoyac","status":"publish","type":"post","link":"https:\/\/zonaroja.com.mx\/?p=42942","title":{"rendered":"Opini\u00f3n. \u00bfEntubar el \u201cAtoyac\u201d?"},"content":{"rendered":"\n<p>N\u00e9stor Y. S\u00e1nchez Islas.<\/p>\n\n\n\n<p>Una de las propuestas, y promesas de campa\u00f1a del ahora gobernador electo, Salom\u00f3n Jara,&nbsp;fue&nbsp;la de entubar el r\u00edo \u201cAtoyac\u201d, as\u00ed lo dec\u00edan los miles&nbsp;de&nbsp;volantes&nbsp;repartidos. No dec\u00edan&nbsp;m\u00e1s ni&nbsp;explicaban&nbsp;de qu\u00e9 trata ni en qu\u00e9 tramo lo pretende aplicar. El \u201cAtoyac\u201d, con diferentes nombres, corre desde Telixtlahuaca hasta el mar.<\/p>\n\n\n\n<p>Entubar un r\u00edo es como querer ocultar la basura debajo de la alfombra, no soluciona nada.&nbsp;La contaminaci\u00f3n seguir\u00e1 ah\u00ed.&nbsp;Las descargas de aguas residuales aumentar\u00e1n&nbsp;y su capacidad de transporte en caso de una crecida se ver\u00e1 limitado.<\/p>\n\n\n\n<p>Un r\u00edo es todo un ecosistema, el entubamiento lo aniquila. Hay vegetaci\u00f3n y fauna que algunos beneficios ambientales&nbsp;proporcionan. La basura y las descargas de aguas podridas no son del r\u00edo, son de nosotros.<\/p>\n\n\n\n<p>Padecemos un calentamiento global que lo que menos necesita son&nbsp;m\u00e1s&nbsp;superficies de asfalto que&nbsp;eleven&nbsp;la temperatura del ambiente.&nbsp;Por supuesto que los mantos acu\u00edferos se ver\u00e1n afectados y, como consecuencia, padeceremos mayor escasez de agua&nbsp;y&nbsp;tampoco&nbsp;dejaremos que la misma cuenca se auto regenere.<\/p>\n\n\n\n<p>Parece ser que para este proyecto se tom\u00f3&nbsp;como ejemplo el caso del r\u00edo \u201cJalatlaco\u201d. El mismo r\u00edo nos proporciona la respuesta: sus aguas&nbsp;siguen&nbsp;inmundas, la basura, las descargas de aguas negras, el mal olor y la contaminaci\u00f3n ah\u00ed&nbsp;est\u00e1n. La calzada construida en su superficie no compensa el da\u00f1o ambiental.<\/p>\n\n\n\n<p>El paradigma de los a\u00f1os 60 que se aplic\u00f3 en el \u201cJalatlaco\u201d no debemos&nbsp;repetirlo. No se sabe, al menos p\u00fablicamente, qu\u00e9 clase de mantenimiento se le da. Antes no se permit\u00eda el paso de camiones pesados; ahora circulan de forma cotidiana sobre \u00e9l. No sabemos si ha sido desazolvado, lo que s\u00ed es evidente es que bajo el puente de la Calzada Porfirio D\u00edaz se est\u00e1 creando un gran tap\u00f3n por los sedimentos acumulados; a lo largo del cauce&nbsp;entubado&nbsp;podr\u00eda&nbsp;haber toneladas de lodo y basura.<\/p>\n\n\n\n<p>En un af\u00e1n puramente medi\u00e1tico, el ayuntamiento acaba de hacer una \u201climpieza\u201d de esa zona, atr\u00e1s del IMSS. Solo quitaron la maleza&nbsp;y los carrizos, porque las toneladas de lodo ah\u00ed siguen.&nbsp;Se trat\u00f3 de sacarse la foto para que&nbsp;pensemos&nbsp;que si&nbsp;est\u00e1n trabajando, creando una falsa sensaci\u00f3n de seguridad&nbsp;entre la ciudadan\u00eda.<\/p>\n\n\n\n<p>Entubar el r\u00edo \u201cAtoyac\u201d es, una vez m\u00e1s, tratar&nbsp;de solucionar un problema del siglo XXI con ideas del siglo pasado. Lo que necesita la cuenca del Atoyac es atenci\u00f3n y cuidados&nbsp;y no la muerte.<\/p>\n\n\n\n<p>Hist\u00f3ricamente, la ciudad de Oaxaca existe gracias al \u201cAtoyac\u201d. En sus m\u00e1rgenes se dieron los primeros asentamientos a lo largo de los valles que recorre y se desarrollaron las culturas que nos antecedieron.<\/p>\n\n\n\n<p>El valle de Etla se distingue por su abundancia de agua y fertilidad. En el \u201cAtoyac\u201d y algunos de sus afluentes se instalaron los primeros molinos&nbsp;y peque\u00f1as haciendas&nbsp;durante el&nbsp;virreinato y fue, al igual que hoy, motivo de problemas por el despojo que poco a poco fueron haciendo los espa\u00f1oles de los indios para apropiarse de sus mejores tierras y aguas.&nbsp;<\/p>\n\n\n\n<p>Muchas de esas tierras fueron parte del marquesado de Hern\u00e1n Cort\u00e9s, cuya descendencia cobr\u00f3 rentas por ellas por tres siglos m\u00e1s. Los ind\u00edgenas sembraban ma\u00edz, los espa\u00f1oles trajeron el trigo que, por cierto, en el valle&nbsp;eteco siempre fue de una calidad inferior a la de la Mixteca y Tehuac\u00e1n, por lo que la harina sal\u00eda amarilla, misma que dejaron para el pan de los pobres. Este es el origen del pan amarillo de Etla que, al igual que el mezcal y las tlayudas, ahora es manjar de altos vuelos.<\/p>\n\n\n\n<p>Las crecidas del r\u00edo llegaban cerca de lo que hoy es el centro hist\u00f3rico. Durante la&nbsp;Colonia se hicieron trabajos para reencauzarlo en el tramo que est\u00e1 a la altura de&nbsp;San Juanito y San Mart\u00edn. Los trabajos se hac\u00edan en la \u00e9poca de sequ\u00eda en que el caudal estaba muy disminuido, casi seco.<\/p>\n\n\n\n<p>En 1969 el r\u00edo nos dio un gran susto. Debido a las abundante lluvias de aquel verano se desbord\u00f3 e inund\u00f3 las antiguas instalaciones del Pemex y la Coca Cola que estuvieron en donde estaba el teatro \u00c1lvaro Carrillo. Las colonias en las cercan\u00edas del ferrocarril tambi\u00e9n se inundaron y el puente Porfirio D\u00edaz sufri\u00f3 graves da\u00f1os, el r\u00edo casi se lo llev\u00f3.&nbsp;<\/p>\n\n\n\n<p>Como remedio, el gobierno de entonces lo volvi\u00f3 a reencauzar y se hizo el trazo recto y los bordos que hoy son calzadas para autom\u00f3viles. En los terrenos ganados al r\u00edo se construy\u00f3 el Instituto Tecnol\u00f3gico y la Central de Abasto.<\/p>\n\n\n\n<p>La vida y la cultura de los valles centrales se deben al agua de los r\u00edos, tanto el \u201cAtoyac\u201d, el \u201cSalado\u201d, el \u201cJalatlaco\u201d, el de las \u201cEtnias\u201d y otros afluentes en que se descarga el agua de la lluvia en las serran\u00edas que nos rodean.<\/p>\n\n\n\n<p>El r\u00edo debe rescatarse en lugar de matarlo. Existe un amparo&nbsp;de&nbsp;un juez federal que ordena el saneamiento de su curso. El cambio clim\u00e1tico es una realidad, la sequ\u00eda y desertificaci\u00f3n es un apocalipsis que nos amenaza y esperamos que el se\u00f1or Jara tenga la suficiente madurez para omitir dicha&nbsp;promesa. Ser\u00e1 por el bien de todos.<\/p>\n\n\n\n<p>@nestoryuri<\/p>\n","protected":false},"excerpt":{"rendered":"<p>N\u00e9stor Y. S\u00e1nchez Islas. Una de las propuestas, y promesas de campa\u00f1a del ahora gobernador&hellip;<\/p>\n","protected":false},"author":2,"featured_media":41861,"comment_status":"closed","ping_status":"open","sticky":false,"template":"","format":"standard","meta":{"_lmt_disableupdate":"","_lmt_disable":"","_jetpack_memberships_contains_paid_content":false,"footnotes":""},"categories":[456,109],"tags":[3050],"class_list":["post-42942","post","type-post","status-publish","format-standard","has-post-thumbnail","hentry","category-columna","category-minuto-a-minuto","tag-nestor-yuri-sanchez"],"jetpack_featured_media_url":"https:\/\/zonaroja.com.mx\/wp-content\/uploads\/2022\/05\/Opinion-Nestor-Yuri-Sanchez-Islas.jpg","jetpack_sharing_enabled":true,"_links":{"self":[{"href":"https:\/\/zonaroja.com.mx\/index.php?rest_route=\/wp\/v2\/posts\/42942","targetHints":{"allow":["GET"]}}],"collection":[{"href":"https:\/\/zonaroja.com.mx\/index.php?rest_route=\/wp\/v2\/posts"}],"about":[{"href":"https:\/\/zonaroja.com.mx\/index.php?rest_route=\/wp\/v2\/types\/post"}],"author":[{"embeddable":true,"href":"https:\/\/zonaroja.com.mx\/index.php?rest_route=\/wp\/v2\/users\/2"}],"replies":[{"embeddable":true,"href":"https:\/\/zonaroja.com.mx\/index.php?rest_route=%2Fwp%2Fv2%2Fcomments&post=42942"}],"version-history":[{"count":1,"href":"https:\/\/zonaroja.com.mx\/index.php?rest_route=\/wp\/v2\/posts\/42942\/revisions"}],"predecessor-version":[{"id":42943,"href":"https:\/\/zonaroja.com.mx\/index.php?rest_route=\/wp\/v2\/posts\/42942\/revisions\/42943"}],"wp:featuredmedia":[{"embeddable":true,"href":"https:\/\/zonaroja.com.mx\/index.php?rest_route=\/wp\/v2\/media\/41861"}],"wp:attachment":[{"href":"https:\/\/zonaroja.com.mx\/index.php?rest_route=%2Fwp%2Fv2%2Fmedia&parent=42942"}],"wp:term":[{"taxonomy":"category","embeddable":true,"href":"https:\/\/zonaroja.com.mx\/index.php?rest_route=%2Fwp%2Fv2%2Fcategories&post=42942"},{"taxonomy":"post_tag","embeddable":true,"href":"https:\/\/zonaroja.com.mx\/index.php?rest_route=%2Fwp%2Fv2%2Ftags&post=42942"}],"curies":[{"name":"wp","href":"https:\/\/api.w.org\/{rel}","templated":true}]}}