{"id":42946,"date":"2022-06-29T21:03:57","date_gmt":"2022-06-30T02:03:57","guid":{"rendered":"http:\/\/www.zonaroja.com.mx\/?p=42946"},"modified":"2022-06-29T21:03:59","modified_gmt":"2022-06-30T02:03:59","slug":"con-armas-de-grueso-calibre-asesinaron-a-periodista-en-tamaulipas","status":"publish","type":"post","link":"https:\/\/zonaroja.com.mx\/?p=42946","title":{"rendered":"Con armas de grueso calibre asesinaron a periodista en Tamaulipas"},"content":{"rendered":"\n<p>Redacci\u00f3n\/Zona Roja Cdmx.<\/p>\n\n\n\n<p>Ciudad de M\u00e9xico, 29 de junio de 2022.- Autoridades de Tamaulipas dieron a conocer los primeros avances de las investigaciones concernientes al asesinato del periodista Antonio de la Cruz en Ciudad Victoria, informaci\u00f3n que fue obtenida mediante entrevistas a testigos y por la recolecci\u00f3n de evidencia en el lugar de los hechos.<\/p>\n\n\n\n<p>El titular de la Fiscal\u00eda General de Justicia de Tamaulipas (FGJ), Irving Barrios Mojica, inform\u00f3 mediante una conferencia de prensa que el periodista asesinado en su natal Ciudad Victoria no hab\u00eda recibido amenazas previas que lo llevaran a pedir ayuda a las autoridades, por lo que no hab\u00eda solicitado adherirse al programa de protecci\u00f3n a comunicadores.<\/p>\n\n\n\n<p>De la misma forma, dio a conocer que peritos de la FGJ encontraron cuatro casquillos percutidos en el lugar, los cuales corresponden a las balas que le causaron la muerte al periodista e hirieron de gravedad a su hija; mismas que son del calibre 40mm.<\/p>\n\n\n\n<p>Este tipo de balas son cargadas en fusiles de uso exclusivo del Ej\u00e9rcito, los cuales son utilizados por grupos criminales que operan en la entidad, como lo son el C\u00e1rtel del Golfo (CDG) y el C\u00e1rtel del Noreste (CDN), pues los casquillos de este calibre han sido encontrados en m\u00faltiples hechos violentos sucedidos en Ciudad Victoria.<\/p>\n\n\n\n<p>\u201cEs un calibre 40, de uso exclusivo del Ej\u00e9rcito y Fuerza Armada; es un calibre que ya ha sido utilizado en otros eventos aqu\u00ed en Ciudad Victoria, y que es recurrente, junto con el 9mm. Pues son estos dos calibres los que han participado en la mayor\u00eda de los eventos durante la historia de los conflictos aqu\u00ed en la entidad\u201d, asegur\u00f3 el fiscal.<\/p>\n\n\n\n<p>(Informaci\u00f3n de Infobae)<\/p>\n\n\n\n<figure class=\"wp-block-embed is-type-rich is-provider-twitter wp-block-embed-twitter\"><div class=\"wp-block-embed__wrapper\">\n<div class=\"twitter-tweet\"><blockquote class=\"twitter-tweet\" data-lang=\"es\"><p lang=\"es\" dir=\"ltr\"><a href=\"https:\/\/twitter.com\/hashtag\/PeriodismoEnRiesgo?src=hash&amp;ref_src=twsrc%5Etfw\">#PeriodismoEnRiesgo<\/a> <br>Hasta el momento las autoridades no tienen pistas de los autores del asesinato del <a href=\"https:\/\/twitter.com\/hashtag\/periodista?src=hash&amp;ref_src=twsrc%5Etfw\">#periodista<\/a> Antonio de la Cruz, ultimado a balazos la ma\u00f1ana de hoy en Ciudad Victoria, <a href=\"https:\/\/twitter.com\/hashtag\/Tamaulipas?src=hash&amp;ref_src=twsrc%5Etfw\">#Tamaulipas<\/a>. <br>Video: <a href=\"https:\/\/twitter.com\/LaCronicaDeHoy?ref_src=twsrc%5Etfw\">@LaCronicaDeHoy<\/a>. <a href=\"https:\/\/t.co\/THfQXQEpqO\">pic.twitter.com\/THfQXQEpqO<\/a><\/p>&mdash; Zona Roja Oaxaca (@ZonaRoja_Oaxaca) <a href=\"https:\/\/twitter.com\/ZonaRoja_Oaxaca\/status\/1542315185125441544?ref_src=twsrc%5Etfw\">30 de junio de 2022<\/a><\/blockquote><\/div>\n<\/div><\/figure>\n","protected":false},"excerpt":{"rendered":"<p>Redacci\u00f3n\/Zona Roja Cdmx. Ciudad de M\u00e9xico, 29 de junio de 2022.- Autoridades de Tamaulipas dieron&hellip;<\/p>\n","protected":false},"author":2,"featured_media":42947,"comment_status":"closed","ping_status":"open","sticky":false,"template":"","format":"standard","meta":{"_lmt_disableupdate":"","_lmt_disable":"","_jetpack_memberships_contains_paid_content":false,"footnotes":""},"categories":[109,47],"tags":[1016],"class_list":["post-42946","post","type-post","status-publish","format-standard","has-post-thumbnail","hentry","category-minuto-a-minuto","category-zona-gris","tag-asesinato-de-periodistas-en-mexico"],"jetpack_featured_media_url":"https:\/\/zonaroja.com.mx\/wp-content\/uploads\/2022\/06\/Periodista-Antonio-de-la-Cruz.jpg","jetpack_sharing_enabled":true,"_links":{"self":[{"href":"https:\/\/zonaroja.com.mx\/index.php?rest_route=\/wp\/v2\/posts\/42946","targetHints":{"allow":["GET"]}}],"collection":[{"href":"https:\/\/zonaroja.com.mx\/index.php?rest_route=\/wp\/v2\/posts"}],"about":[{"href":"https:\/\/zonaroja.com.mx\/index.php?rest_route=\/wp\/v2\/types\/post"}],"author":[{"embeddable":true,"href":"https:\/\/zonaroja.com.mx\/index.php?rest_route=\/wp\/v2\/users\/2"}],"replies":[{"embeddable":true,"href":"https:\/\/zonaroja.com.mx\/index.php?rest_route=%2Fwp%2Fv2%2Fcomments&post=42946"}],"version-history":[{"count":1,"href":"https:\/\/zonaroja.com.mx\/index.php?rest_route=\/wp\/v2\/posts\/42946\/revisions"}],"predecessor-version":[{"id":42948,"href":"https:\/\/zonaroja.com.mx\/index.php?rest_route=\/wp\/v2\/posts\/42946\/revisions\/42948"}],"wp:featuredmedia":[{"embeddable":true,"href":"https:\/\/zonaroja.com.mx\/index.php?rest_route=\/wp\/v2\/media\/42947"}],"wp:attachment":[{"href":"https:\/\/zonaroja.com.mx\/index.php?rest_route=%2Fwp%2Fv2%2Fmedia&parent=42946"}],"wp:term":[{"taxonomy":"category","embeddable":true,"href":"https:\/\/zonaroja.com.mx\/index.php?rest_route=%2Fwp%2Fv2%2Fcategories&post=42946"},{"taxonomy":"post_tag","embeddable":true,"href":"https:\/\/zonaroja.com.mx\/index.php?rest_route=%2Fwp%2Fv2%2Ftags&post=42946"}],"curies":[{"name":"wp","href":"https:\/\/api.w.org\/{rel}","templated":true}]}}