{"id":42949,"date":"2022-06-29T21:42:41","date_gmt":"2022-06-30T02:42:41","guid":{"rendered":"http:\/\/www.zonaroja.com.mx\/?p=42949"},"modified":"2022-06-29T21:42:43","modified_gmt":"2022-06-30T02:42:43","slug":"hallan-a-tres-menores-de-edad-abandonadas-en-mercado-de-abasto-de-oaxaca","status":"publish","type":"post","link":"https:\/\/zonaroja.com.mx\/?p=42949","title":{"rendered":"Hallan a tres menores de edad abandonadas en Mercado de Abasto de Oaxaca"},"content":{"rendered":"\n<p>Redacci\u00f3n\/Zona Roja.<\/p>\n\n\n\n<p>Oaxaca de Ju\u00e1rez, Oax., 29 de junio de 2022.- Tres menores de edad, cuyo origen se desconoce a\u00fan, fueron abandonadas ayer en la Central de Abasto de la ciudad de Oaxaca.<\/p>\n\n\n\n<p>Fue hasta la ma\u00f1ana de hoy en que autoridades y polic\u00edas del ayuntamiento de Oaxaca de Ju\u00e1rez las rescataron para llevarlas a un albergue.<\/p>\n\n\n\n<p>En un comunicado, la polic\u00eda municipal detall\u00f3 que las tres menores deambulaban en la zona tianguis, ya que presuntamente fueron abandonados por su madre.<\/p>\n\n\n\n<p>A las 09:00 horas de este mi\u00e9rcoles, la cabina del sistema C-4 alert\u00f3 sobre la presencia de tres menores que hab\u00edan pernoctado en el pasillo 19 lateral 7 de la zona de tianguis.<\/p>\n\n\n\n<p>El llamado de auxilio fue realizado por comerciantes de la zona, quienes dijeron que desde la tarde del martes, brindaron alimento y algunas cobijas a tres menores que hab\u00edan llegado a ese lugar.<\/p>\n\n\n\n<p>A los comerciantes les llam\u00f3 la atenci\u00f3n, ya que se trataba de tres ni\u00f1as de 10, ocho y un a\u00f1o de edad, quienes aseguraron que hab\u00edan sido abandonadas por su madre, quien es una persona en situaci\u00f3n de calle.<\/p>\n\n\n\n<p>Los comerciantes les ofrecieron alimento y cobijas para protegerse del fr\u00edo, sin embargo, hoy solicitaron apoyo para que las menores fueran canalizadas a la instancia correspondiente.<\/p>\n\n\n\n<p>Ante ello, los polic\u00edas los resguardaron y trasladaron al Cuartel Municipal para luego ser turnados a la Fiscal\u00eda General del Estado en calidad de v\u00edctimas para continuar con la indagatoria correspondiente.<\/p>\n","protected":false},"excerpt":{"rendered":"<p>Redacci\u00f3n\/Zona Roja. Oaxaca de Ju\u00e1rez, Oax., 29 de junio de 2022.- Tres menores de edad,&hellip;<\/p>\n","protected":false},"author":2,"featured_media":42950,"comment_status":"closed","ping_status":"open","sticky":false,"template":"","format":"standard","meta":{"_lmt_disableupdate":"","_lmt_disable":"","_jetpack_memberships_contains_paid_content":false,"footnotes":""},"categories":[109,47],"tags":[148],"class_list":["post-42949","post","type-post","status-publish","format-standard","has-post-thumbnail","hentry","category-minuto-a-minuto","category-zona-gris","tag-oaxaca-de-juarez"],"jetpack_featured_media_url":"https:\/\/zonaroja.com.mx\/wp-content\/uploads\/2022\/06\/Menores-abandonados-Central-de-Abasto-Oaxaca.jpg","jetpack_sharing_enabled":true,"_links":{"self":[{"href":"https:\/\/zonaroja.com.mx\/index.php?rest_route=\/wp\/v2\/posts\/42949","targetHints":{"allow":["GET"]}}],"collection":[{"href":"https:\/\/zonaroja.com.mx\/index.php?rest_route=\/wp\/v2\/posts"}],"about":[{"href":"https:\/\/zonaroja.com.mx\/index.php?rest_route=\/wp\/v2\/types\/post"}],"author":[{"embeddable":true,"href":"https:\/\/zonaroja.com.mx\/index.php?rest_route=\/wp\/v2\/users\/2"}],"replies":[{"embeddable":true,"href":"https:\/\/zonaroja.com.mx\/index.php?rest_route=%2Fwp%2Fv2%2Fcomments&post=42949"}],"version-history":[{"count":1,"href":"https:\/\/zonaroja.com.mx\/index.php?rest_route=\/wp\/v2\/posts\/42949\/revisions"}],"predecessor-version":[{"id":42951,"href":"https:\/\/zonaroja.com.mx\/index.php?rest_route=\/wp\/v2\/posts\/42949\/revisions\/42951"}],"wp:featuredmedia":[{"embeddable":true,"href":"https:\/\/zonaroja.com.mx\/index.php?rest_route=\/wp\/v2\/media\/42950"}],"wp:attachment":[{"href":"https:\/\/zonaroja.com.mx\/index.php?rest_route=%2Fwp%2Fv2%2Fmedia&parent=42949"}],"wp:term":[{"taxonomy":"category","embeddable":true,"href":"https:\/\/zonaroja.com.mx\/index.php?rest_route=%2Fwp%2Fv2%2Fcategories&post=42949"},{"taxonomy":"post_tag","embeddable":true,"href":"https:\/\/zonaroja.com.mx\/index.php?rest_route=%2Fwp%2Fv2%2Ftags&post=42949"}],"curies":[{"name":"wp","href":"https:\/\/api.w.org\/{rel}","templated":true}]}}