{"id":42962,"date":"2022-06-30T07:23:38","date_gmt":"2022-06-30T12:23:38","guid":{"rendered":"http:\/\/www.zonaroja.com.mx\/?p=42962"},"modified":"2022-06-30T07:23:39","modified_gmt":"2022-06-30T12:23:39","slug":"fortalece-poder-judicial-de-oaxaca-operacion-del-sistema-penal-acusatorio","status":"publish","type":"post","link":"https:\/\/zonaroja.com.mx\/?p=42962","title":{"rendered":"Fortalece Poder Judicial de Oaxaca operaci\u00f3n del sistema penal acusatorio"},"content":{"rendered":"\n<p>Redacci\u00f3n\/Zona Roja.<\/p>\n\n\n\n<p>Oaxaca de Ju\u00e1rez, Oax., 30 de junio de 2022.- Resultado&nbsp;de un proyecto impulsado por&nbsp;la&nbsp;Oficina Internacional para el Desarrollo de Sistemas de Procuraci\u00f3n de Justicia de Estados Unidos&nbsp;de Am\u00e9rica&nbsp;(OPDAT por sus siglas en ingl\u00e9s) y la Unidad para la Consolidaci\u00f3n del Nuevo Sistema de Justicia Penal del Poder Judicial de la Federaci\u00f3n, el&nbsp;Poder Judicial del Estado de Oaxaca present\u00f3 las Gu\u00edas Judiciales para la Conducci\u00f3n de Audiencias en Materia Penal.<\/p>\n\n\n\n<p>A nombre del magistrado presidente Eduardo Pinacho S\u00e1nchez, el presidente de la Comisi\u00f3n Permanente para la Consolidaci\u00f3n del Sistema Acusatorio, magistrado Gerardo Adelfo Carmona Castillo se\u00f1al\u00f3 que&nbsp;este es uno de los pasos m\u00e1s importantes que se han gestado para contribuir al fortalecimiento del nuevo modelo de enjuiciamiento penal, ya que su puesta en pr\u00e1ctica permitir\u00e1 seguramente&nbsp;sentar las bases interinstitucionales y alcanzar una justicia penal m\u00e1s pronta, expedita, segura y confiable.&nbsp;<\/p>\n\n\n\n<p>Puntualiz\u00f3 que a m\u00e1s de 15 a\u00f1os en el \u00e1mbito estatal y seis en el \u00e1mbito federal, los retos que desde un principio implic\u00f3 el cambio de un sistema procesal penal obsoleto a un sistema procesal penal de corte acusatorio y oral, siguen a\u00fan vigentes; de ah\u00ed la relevancia de la cooperaci\u00f3n interinstitucional y las audiencias sean adem\u00e1s de m\u00e1s \u00e1giles, m\u00e1s eficientes, concretas, seguras y homog\u00e9neas.&nbsp;<\/p>\n\n\n\n<p>Por su parte, el asesor legal de la&nbsp;Oficina Internacional para el Desarrollo de Sistemas de Procuraci\u00f3n de Justicia de Estados Unidos de Am\u00e9rica, Guillermo Gonz\u00e1lez Soto&nbsp;resalt\u00f3 la disposici\u00f3n y apoyo del Poder Judicial de Oaxaca para integrar&nbsp;en un primer momento&nbsp;las gu\u00edas y&nbsp;ahora&nbsp;ser&nbsp;parte de las entidades que&nbsp;participar\u00e1n en el programa de monitoreo y evaluaci\u00f3n a trav\u00e9s del cual se medir\u00e1 su impacto.&nbsp;<\/p>\n\n\n\n<p>Como parte de la socializaci\u00f3n de las Gu\u00edas Judiciales,&nbsp;que se llev\u00f3 a cabo en el auditorio del Tribunal Superior de Justicia&nbsp;ante magistradas, magistrados, juezas, jueces, servidores p\u00fablicos de la Fiscal\u00eda General de Justicia del Estado y de la Defensor\u00eda&nbsp;P\u00fablica,&nbsp;as\u00ed como del foro oaxaque\u00f1o de abogadas y&nbsp;abogadas,&nbsp;se detallaron sus alcances y beneficios en su aplicaci\u00f3n, considerando la experiencia de&nbsp;otros pa\u00edses como&nbsp;Colombia.&nbsp;<\/p>\n\n\n\n<p>La magistrada Elizabeth Franco Cervantes, integrante del primer Tribunal Colegiado en Materia Penal y del Trabajo del D\u00e9cimo Tercer Circuito del Poder Judicial de la Federaci\u00f3n&nbsp;y las juezas del Poder Judicial del Estado de Puebla, Rosa Aurora Espejel Prado y del Estado de Sonora, Yanitt Quiroz Venegas, presentaron, a trav\u00e9s de la simulaci\u00f3n de audiencias,&nbsp;la forma en que se&nbsp;busca acortar tiempos, aplicar&nbsp;criterios,&nbsp;minimizar las demoras y apelaciones innecesarias.<\/p>\n\n\n\n<p>Las gu\u00edas, con est\u00e1ndares internacionales, est\u00e1n&nbsp;dise\u00f1adas para aumentar la econom\u00eda judicial, disminuir el n\u00famero de casos y estandarizar las pr\u00e1cticas judiciales en M\u00e9xico,&nbsp;como una herramienta efectiva y pr\u00e1ctica para los&nbsp;operadores jurisdiccionales de&nbsp;todo el pa\u00eds.<\/p>\n","protected":false},"excerpt":{"rendered":"<p>Redacci\u00f3n\/Zona Roja. Oaxaca de Ju\u00e1rez, Oax., 30 de junio de 2022.- Resultado&nbsp;de un proyecto impulsado&hellip;<\/p>\n","protected":false},"author":2,"featured_media":42963,"comment_status":"closed","ping_status":"open","sticky":false,"template":"","format":"standard","meta":{"_lmt_disableupdate":"","_lmt_disable":"","_jetpack_memberships_contains_paid_content":false,"footnotes":""},"categories":[109,46],"tags":[223],"class_list":["post-42962","post","type-post","status-publish","format-standard","has-post-thumbnail","hentry","category-minuto-a-minuto","category-zona-blanca","tag-poder-judicial-de-oaxaca"],"jetpack_featured_media_url":"https:\/\/zonaroja.com.mx\/wp-content\/uploads\/2022\/06\/Poder-Judicial-Tribunal-Superior-Oaxaca.jpg","jetpack_sharing_enabled":true,"_links":{"self":[{"href":"https:\/\/zonaroja.com.mx\/index.php?rest_route=\/wp\/v2\/posts\/42962","targetHints":{"allow":["GET"]}}],"collection":[{"href":"https:\/\/zonaroja.com.mx\/index.php?rest_route=\/wp\/v2\/posts"}],"about":[{"href":"https:\/\/zonaroja.com.mx\/index.php?rest_route=\/wp\/v2\/types\/post"}],"author":[{"embeddable":true,"href":"https:\/\/zonaroja.com.mx\/index.php?rest_route=\/wp\/v2\/users\/2"}],"replies":[{"embeddable":true,"href":"https:\/\/zonaroja.com.mx\/index.php?rest_route=%2Fwp%2Fv2%2Fcomments&post=42962"}],"version-history":[{"count":1,"href":"https:\/\/zonaroja.com.mx\/index.php?rest_route=\/wp\/v2\/posts\/42962\/revisions"}],"predecessor-version":[{"id":42964,"href":"https:\/\/zonaroja.com.mx\/index.php?rest_route=\/wp\/v2\/posts\/42962\/revisions\/42964"}],"wp:featuredmedia":[{"embeddable":true,"href":"https:\/\/zonaroja.com.mx\/index.php?rest_route=\/wp\/v2\/media\/42963"}],"wp:attachment":[{"href":"https:\/\/zonaroja.com.mx\/index.php?rest_route=%2Fwp%2Fv2%2Fmedia&parent=42962"}],"wp:term":[{"taxonomy":"category","embeddable":true,"href":"https:\/\/zonaroja.com.mx\/index.php?rest_route=%2Fwp%2Fv2%2Fcategories&post=42962"},{"taxonomy":"post_tag","embeddable":true,"href":"https:\/\/zonaroja.com.mx\/index.php?rest_route=%2Fwp%2Fv2%2Ftags&post=42962"}],"curies":[{"name":"wp","href":"https:\/\/api.w.org\/{rel}","templated":true}]}}