{"id":42965,"date":"2022-06-30T07:44:15","date_gmt":"2022-06-30T12:44:15","guid":{"rendered":"http:\/\/www.zonaroja.com.mx\/?p=42965"},"modified":"2022-06-30T07:44:17","modified_gmt":"2022-06-30T12:44:17","slug":"matan-a-balazos-a-un-joven-en-el-destino-turistico-de-puerto-escondido","status":"publish","type":"post","link":"https:\/\/zonaroja.com.mx\/?p=42965","title":{"rendered":"Matan a balazos a un joven en el destino tur\u00edstico de Puerto Escondido"},"content":{"rendered":"\n<p>Redacci\u00f3n\/Zona Roja.<\/p>\n\n\n\n<p>Oaxaca de Ju\u00e1rez, Oax., 30 de junio de 2022.- Un joven de aproximadamente 24 a\u00f1os de edad fue asesinado anoche en el destino tur\u00edstico de Puerto Escondido, en la regi\u00f3n de la Costra de Oaxaca.<\/p>\n\n\n\n<p>El hoy occiso, identificado como Isa\u00ed C. R., se desplazaba a bordo de su motocicleta en la carretera federal 200, inmediaciones de la colonia Aeropuerto, cuando fue atacado a balazos.<\/p>\n\n\n\n<p>La v\u00edctima fue trasladada a una cl\u00ednica de dicha agencia, perteneciente al municipio de San Pedro Mixtepec, pero perdi\u00f3 la vida debido a la gravedad de las lesiones.<\/p>\n\n\n\n<p>Por el momento no se tienen identificados al o los agresores y la Vicefiscal\u00eda Regional de la Costa inici\u00f3 con las investigaciones correspondientes.<\/p>\n","protected":false},"excerpt":{"rendered":"<p>Redacci\u00f3n\/Zona Roja. Oaxaca de Ju\u00e1rez, Oax., 30 de junio de 2022.- Un joven de aproximadamente&hellip;<\/p>\n","protected":false},"author":2,"featured_media":15591,"comment_status":"closed","ping_status":"open","sticky":false,"template":"","format":"standard","meta":{"_lmt_disableupdate":"","_lmt_disable":"","_jetpack_memberships_contains_paid_content":false,"footnotes":""},"categories":[109,51],"tags":[590],"class_list":["post-42965","post","type-post","status-publish","format-standard","has-post-thumbnail","hentry","category-minuto-a-minuto","category-zona-roja","tag-puerto-escondido"],"jetpack_featured_media_url":"https:\/\/zonaroja.com.mx\/wp-content\/uploads\/2020\/07\/Escena-del-crimen-8.jpg","jetpack_sharing_enabled":true,"_links":{"self":[{"href":"https:\/\/zonaroja.com.mx\/index.php?rest_route=\/wp\/v2\/posts\/42965","targetHints":{"allow":["GET"]}}],"collection":[{"href":"https:\/\/zonaroja.com.mx\/index.php?rest_route=\/wp\/v2\/posts"}],"about":[{"href":"https:\/\/zonaroja.com.mx\/index.php?rest_route=\/wp\/v2\/types\/post"}],"author":[{"embeddable":true,"href":"https:\/\/zonaroja.com.mx\/index.php?rest_route=\/wp\/v2\/users\/2"}],"replies":[{"embeddable":true,"href":"https:\/\/zonaroja.com.mx\/index.php?rest_route=%2Fwp%2Fv2%2Fcomments&post=42965"}],"version-history":[{"count":1,"href":"https:\/\/zonaroja.com.mx\/index.php?rest_route=\/wp\/v2\/posts\/42965\/revisions"}],"predecessor-version":[{"id":42966,"href":"https:\/\/zonaroja.com.mx\/index.php?rest_route=\/wp\/v2\/posts\/42965\/revisions\/42966"}],"wp:featuredmedia":[{"embeddable":true,"href":"https:\/\/zonaroja.com.mx\/index.php?rest_route=\/wp\/v2\/media\/15591"}],"wp:attachment":[{"href":"https:\/\/zonaroja.com.mx\/index.php?rest_route=%2Fwp%2Fv2%2Fmedia&parent=42965"}],"wp:term":[{"taxonomy":"category","embeddable":true,"href":"https:\/\/zonaroja.com.mx\/index.php?rest_route=%2Fwp%2Fv2%2Fcategories&post=42965"},{"taxonomy":"post_tag","embeddable":true,"href":"https:\/\/zonaroja.com.mx\/index.php?rest_route=%2Fwp%2Fv2%2Ftags&post=42965"}],"curies":[{"name":"wp","href":"https:\/\/api.w.org\/{rel}","templated":true}]}}