{"id":42967,"date":"2022-06-30T07:57:00","date_gmt":"2022-06-30T12:57:00","guid":{"rendered":"http:\/\/www.zonaroja.com.mx\/?p=42967"},"modified":"2022-06-30T08:13:33","modified_gmt":"2022-06-30T13:13:33","slug":"sigue-la-disputa-en-contaduria-uabjo-ratifican-a-velasco-soriano","status":"publish","type":"post","link":"https:\/\/zonaroja.com.mx\/?p=42967","title":{"rendered":"Sigue la disputa en Contadur\u00eda UABJO; ratifican a Velasco Soriano"},"content":{"rendered":"\n<p>Ismael Garc\u00eda M.\/Zona Roja.<\/p>\n\n\n\n<p>Oaxaca de Ju\u00e1rez, Oax., 30 de junio de 2022.- Por cuarto d\u00eda, contin\u00faan cerradas las instalaciones de Ciudad Universitaria, de la Universidad Aut\u00f3noma \u201cBenito Ju\u00e1rez\u201d de Oaxaca (UABJO), por conflictos en la Facultad de Contadur\u00eda y Admnistraci\u00f3n (FCA).<\/p>\n\n\n\n<p>En ese contexto y con la presencia de 35 miembros, anoche sesion\u00f3 el Consejo T\u00e9cnico de la Facultad y design\u00f3, con 18 votos de maestros y 17 de alumnos, todos propietarios, a Gerardo Velasco Soriano como su director.<\/p>\n\n\n\n<p>Ello ech\u00f3 abajo la determinaci\u00f3n que tom\u00f3 la v\u00edspera un reducido grupo de trabajadores de la Facultad de Contadur\u00eda, que supuestamente designaron a Mauro Francisco Carrasco como su director.<\/p>\n\n\n\n<p>\u201cHemos manifestado siempre que no queremos violencia, pero le est\u00e1n apostando a eso para desestabilizar a las escuelas\u201d, dijo Velasco Soriano ayer por la tarde, al acudir en respaldo a la directora de la Preparatoria 7, Irma Yolanda Ortiz Acosta, quien denunci\u00f3 violencia en su contra.<\/p>\n\n\n\n<p>\u201cSi ya hay una autoridad electa, en todos los oficios el rector lo est\u00e1 reconociendo, con las firmas, los oficios, pagando la n\u00f3mina, c\u00f3mo nombran ahora a otro director\u201d, agreg\u00f3, en referencia a la supuesta designaci\u00f3n de Mauro Francisco Carrasco.<\/p>\n\n\n\n<p>-\u00bfLegal o ilegal la designaci\u00f3n de ayer?<\/p>\n\n\n\n<p>-Ustedes son mejores testigo. Si ya hay un director, por qu\u00e9 tienen que elegir a otro.<\/p>\n\n\n\n<p>-\u00bfHabr\u00e1 acciones jur\u00eddicas?<\/p>\n\n\n\n<p>-Lo estamos viendo, porque nosotros somos gente de trabajo, de academia.<\/p>\n\n\n\n<p>-\u00bfAlg\u00fan acercamiento con el rector?<\/p>\n\n\n\n<p>-Nosotros ah\u00ed seguimos, porque nadie se presenta, no les interesa o quieren que esto se violente.<\/p>\n\n\n\n<figure class=\"wp-block-embed is-type-rich is-provider-twitter wp-block-embed-twitter\"><div class=\"wp-block-embed__wrapper\">\n<div class=\"twitter-tweet\"><blockquote class=\"twitter-tweet\" data-lang=\"es\"><p lang=\"es\" dir=\"ltr\"><a href=\"https:\/\/twitter.com\/hashtag\/%C3%9AltimoMinuto?src=hash&amp;ref_src=twsrc%5Etfw\">#\u00daltimoMinuto<\/a> <br>En sesi\u00f3n extraordinaria, el Consejo T\u00e9cnico formal de la Facultad de Contadur\u00eda y Administraci\u00f3n (<a href=\"https:\/\/twitter.com\/OficialFCAUABJO?ref_src=twsrc%5Etfw\">@OficialFCAUABJO<\/a>) de la <a href=\"https:\/\/twitter.com\/UABJO?ref_src=twsrc%5Etfw\">@UABJO<\/a> ratific\u00f3 anoche a Gerardo Velasco Soriano como director, para el periodo 2022-2025. <a href=\"https:\/\/t.co\/vpqEc88JgB\">pic.twitter.com\/vpqEc88JgB<\/a><\/p>&mdash; Zona Roja Oaxaca (@ZonaRoja_Oaxaca) <a href=\"https:\/\/twitter.com\/ZonaRoja_Oaxaca\/status\/1542488249310056450?ref_src=twsrc%5Etfw\">30 de junio de 2022<\/a><\/blockquote><\/div>\n<\/div><\/figure>\n","protected":false},"excerpt":{"rendered":"<p>Ismael Garc\u00eda M.\/Zona Roja. Oaxaca de Ju\u00e1rez, Oax., 30 de junio de 2022.- Por cuarto&hellip;<\/p>\n","protected":false},"author":2,"featured_media":42968,"comment_status":"closed","ping_status":"open","sticky":false,"template":"","format":"standard","meta":{"_lmt_disableupdate":"","_lmt_disable":"","_jetpack_memberships_contains_paid_content":false,"footnotes":""},"categories":[109,46],"tags":[3166],"class_list":["post-42967","post","type-post","status-publish","format-standard","has-post-thumbnail","hentry","category-minuto-a-minuto","category-zona-blanca","tag-gerardo-velasco-soriano"],"jetpack_featured_media_url":"https:\/\/zonaroja.com.mx\/wp-content\/uploads\/2022\/06\/Gerardo-Velasco-Soriano.jpg","jetpack_sharing_enabled":true,"_links":{"self":[{"href":"https:\/\/zonaroja.com.mx\/index.php?rest_route=\/wp\/v2\/posts\/42967","targetHints":{"allow":["GET"]}}],"collection":[{"href":"https:\/\/zonaroja.com.mx\/index.php?rest_route=\/wp\/v2\/posts"}],"about":[{"href":"https:\/\/zonaroja.com.mx\/index.php?rest_route=\/wp\/v2\/types\/post"}],"author":[{"embeddable":true,"href":"https:\/\/zonaroja.com.mx\/index.php?rest_route=\/wp\/v2\/users\/2"}],"replies":[{"embeddable":true,"href":"https:\/\/zonaroja.com.mx\/index.php?rest_route=%2Fwp%2Fv2%2Fcomments&post=42967"}],"version-history":[{"count":2,"href":"https:\/\/zonaroja.com.mx\/index.php?rest_route=\/wp\/v2\/posts\/42967\/revisions"}],"predecessor-version":[{"id":42971,"href":"https:\/\/zonaroja.com.mx\/index.php?rest_route=\/wp\/v2\/posts\/42967\/revisions\/42971"}],"wp:featuredmedia":[{"embeddable":true,"href":"https:\/\/zonaroja.com.mx\/index.php?rest_route=\/wp\/v2\/media\/42968"}],"wp:attachment":[{"href":"https:\/\/zonaroja.com.mx\/index.php?rest_route=%2Fwp%2Fv2%2Fmedia&parent=42967"}],"wp:term":[{"taxonomy":"category","embeddable":true,"href":"https:\/\/zonaroja.com.mx\/index.php?rest_route=%2Fwp%2Fv2%2Fcategories&post=42967"},{"taxonomy":"post_tag","embeddable":true,"href":"https:\/\/zonaroja.com.mx\/index.php?rest_route=%2Fwp%2Fv2%2Ftags&post=42967"}],"curies":[{"name":"wp","href":"https:\/\/api.w.org\/{rel}","templated":true}]}}