{"id":42974,"date":"2022-06-30T12:04:05","date_gmt":"2022-06-30T17:04:05","guid":{"rendered":"https:\/\/www.zonaroja.com.mx\/?p=42974"},"modified":"2022-06-30T12:07:15","modified_gmt":"2022-06-30T17:07:15","slug":"asciende-a-seis-migrantes-oaxaquenos-involucrados-en-tragedia-de-texas-uno-fallecio","status":"publish","type":"post","link":"https:\/\/zonaroja.com.mx\/?p=42974","title":{"rendered":"Asciende a seis migrantes oaxaque\u00f1os involucrados en tragedia de Texas; uno falleci\u00f3"},"content":{"rendered":"\n<p>Yuridiana Sosa\/Zona Roja.<\/p>\n\n\n\n<p>Oaxaca de Ju\u00e1rez, Oax., 30 de junio de 2022.- Suman seis los oaxaque\u00f1os migrantes que viajaban en el tr\u00e1iler localizado en San Antonio Texas, Estados Unidos, el pasado 27 de junio, de los que uno se ha confirmado su deceso, inform\u00f3 el Instituto Oaxaque\u00f1o de Atenci\u00f3n al Migrante (IOAM).<\/p>\n\n\n\n<p>La v\u00edctima mortal fue identificada como Jozu\u00e9 D\u00edaz Gallardo originario de Santa Mar\u00eda Tlahuitoltepec, Mixe, de quien no ofrecen mayores detalles, pero sobre su caso, el IOAM mantiene comunicaci\u00f3n permanente con familiares para brindar el apoyo y acompa\u00f1amiento.<\/p>\n\n\n\n<p>En las \u00faltimas horas, el Instituto Oaxaque\u00f1o tuvo conocimiento de cuatro nuevos casos de oaxaque\u00f1os que se encontraban en la unidad, dos son originarios de San Miguel Huautla, en la regi\u00f3n Mixteca y dos originarios de San Felipe Usila en la regi\u00f3n de la Cuenca del Papaloapan.<\/p>\n\n\n\n<p>Por lo que el IOAM se encuentra en espera de que la Secretar\u00eda de Relaciones Exteriores (SRE) confirme sus generales.<\/p>\n\n\n\n<p>De acuerdo con los datos registrados por la dependencia de Oaxaca, indic\u00f3 que suman seis los migrantes involucrados en este hecho.<\/p>\n\n\n\n<p>Sobre la situaci\u00f3n que prevalece, el Instituto indic\u00f3 que en caso que familias o autoridades confirmen el fallecimiento de m\u00e1s oaxaque\u00f1os, esta dependencia realizar\u00e1 la gesti\u00f3n para el traslado de los restos mortuorios hasta su comunidad de origen, cubriendo el costo al 100 \u00b4por ciento de la ciudad de M\u00e9xico hasta su lugar de nacimiento.<\/p>\n\n\n\n<p>Por lo que se encuentran en coordinaci\u00f3n con autoridades municipales y familias, para brindar el apoyo en todo lo que resulte necesario.<\/p>\n\n\n\n<p>En tanto, el IOAM conden\u00f3 el suceso registrado el lunes 27 de junio.<\/p>\n\n\n\n<p>Por otra parte, se dio a conocer que la cifra de migrantes fallecidos ascendi\u00f3 a 53, 40 hombres y 13 mujeres; las autoridades han identificado a 37 de las v\u00edctimas. Fueron al menos unos 70 migrantes los que viajaban hacinados en el tr\u00e1iler.<\/p>\n","protected":false},"excerpt":{"rendered":"<p>Yuridiana Sosa\/Zona Roja. Oaxaca de Ju\u00e1rez, Oax., 30 de junio de 2022.- Suman seis los&hellip;<\/p>\n","protected":false},"author":2,"featured_media":42866,"comment_status":"closed","ping_status":"open","sticky":false,"template":"","format":"standard","meta":{"_lmt_disableupdate":"","_lmt_disable":"","_jetpack_memberships_contains_paid_content":false,"footnotes":""},"categories":[109,47],"tags":[3173],"class_list":["post-42974","post","type-post","status-publish","format-standard","has-post-thumbnail","hentry","category-minuto-a-minuto","category-zona-gris","tag-migrantes-texas-estados-unidos"],"jetpack_featured_media_url":"https:\/\/zonaroja.com.mx\/wp-content\/uploads\/2022\/06\/Migrantes-Texas.jpeg","jetpack_sharing_enabled":true,"_links":{"self":[{"href":"https:\/\/zonaroja.com.mx\/index.php?rest_route=\/wp\/v2\/posts\/42974","targetHints":{"allow":["GET"]}}],"collection":[{"href":"https:\/\/zonaroja.com.mx\/index.php?rest_route=\/wp\/v2\/posts"}],"about":[{"href":"https:\/\/zonaroja.com.mx\/index.php?rest_route=\/wp\/v2\/types\/post"}],"author":[{"embeddable":true,"href":"https:\/\/zonaroja.com.mx\/index.php?rest_route=\/wp\/v2\/users\/2"}],"replies":[{"embeddable":true,"href":"https:\/\/zonaroja.com.mx\/index.php?rest_route=%2Fwp%2Fv2%2Fcomments&post=42974"}],"version-history":[{"count":1,"href":"https:\/\/zonaroja.com.mx\/index.php?rest_route=\/wp\/v2\/posts\/42974\/revisions"}],"predecessor-version":[{"id":42975,"href":"https:\/\/zonaroja.com.mx\/index.php?rest_route=\/wp\/v2\/posts\/42974\/revisions\/42975"}],"wp:featuredmedia":[{"embeddable":true,"href":"https:\/\/zonaroja.com.mx\/index.php?rest_route=\/wp\/v2\/media\/42866"}],"wp:attachment":[{"href":"https:\/\/zonaroja.com.mx\/index.php?rest_route=%2Fwp%2Fv2%2Fmedia&parent=42974"}],"wp:term":[{"taxonomy":"category","embeddable":true,"href":"https:\/\/zonaroja.com.mx\/index.php?rest_route=%2Fwp%2Fv2%2Fcategories&post=42974"},{"taxonomy":"post_tag","embeddable":true,"href":"https:\/\/zonaroja.com.mx\/index.php?rest_route=%2Fwp%2Fv2%2Ftags&post=42974"}],"curies":[{"name":"wp","href":"https:\/\/api.w.org\/{rel}","templated":true}]}}