{"id":42979,"date":"2022-06-30T15:43:21","date_gmt":"2022-06-30T20:43:21","guid":{"rendered":"http:\/\/www.zonaroja.com.mx\/?p=42979"},"modified":"2022-06-30T15:43:22","modified_gmt":"2022-06-30T20:43:22","slug":"irregularidades-en-sso-continuan-sindicato-de-salud-exige-salida-de-funcionarios","status":"publish","type":"post","link":"https:\/\/zonaroja.com.mx\/?p=42979","title":{"rendered":"Irregularidades en SSO contin\u00faan; Sindicato de Salud exige salida de funcionarios"},"content":{"rendered":"\n<p>Yuridiana Sosa\/Zona Roja.<\/p>\n\n\n\n<p>Oaxaca de Ju\u00e1rez, Oax., 30 de junio de 2022.- Las exigencias de renuncias ante violaciones laborales y abuso de autoridad por parte de funcionarios de los Servicios de Salud de Oaxaca (SSO) contin\u00faan, a menos de cinco meses de concluir la actual administraci\u00f3n estatal.<\/p>\n\n\n\n<p>Como parte de una jornada de lucha, que apuntaron es en defensa de sus derechos, trabajadores de salud adheridos al Sindicato Federal Democr\u00e1tico Secci\u00f3n 30 (Sifeds), se apoderan de oficinas administrativas de los SSO, ubicadas en la colonia Reforma, al norte de la capital.<\/p>\n\n\n\n<p>Los sindicalizados apuntaron que han sufrido de retenci\u00f3n de salarios, falta de pagos de bonos y regalos navide\u00f1os, s\u00f3lo por ser parte de un nuevo sindicato, actos que son violatorios a sus derechos garantizados en la Constituci\u00f3n.<\/p>\n\n\n\n<p>De encabezar estos y otros atropellos responsabilizan a la directora de Administraci\u00f3n de los SSO, Clara Tovar Carrillo y del jefe de Relaciones Laborales, Ren\u00e9 \u00c1vila Gonz\u00e1lez, de quienes exigieron su renuncia.<\/p>\n\n\n\n<p>Tambi\u00e9n acusaron irregularidades con la entrega de plazas, las cuales han otorgado a sus amistades, mientras que Guillermo Cabral, de origen mexiquense, se autorregal\u00f3 una base federal en el departamento de Asuntos Jur\u00eddicos y quien era allegado al ex secretario de salud, Juan Carlos M\u00e1rquez Heine.<\/p>\n\n\n\n<p>Por estos actos, tambi\u00e9n demandaron autor\u00edas para esta dependencia con relaci\u00f3n a las plazas, pues mientras siguen estos actos, decenas de trabajadores luchan por su recontrataci\u00f3n en los Servicios de Salud de Oaxaca, como lo anunci\u00f3 el Gobierno de M\u00e9xico.\u00a0<\/p>\n\n\n\n<figure class=\"wp-block-embed is-type-rich is-provider-twitter wp-block-embed-twitter\"><div class=\"wp-block-embed__wrapper\">\n<div class=\"twitter-tweet\"><blockquote class=\"twitter-tweet\" data-lang=\"es\"><p lang=\"es\" dir=\"ltr\"><a href=\"https:\/\/twitter.com\/hashtag\/%C3%9AltimoMinuto?src=hash&amp;ref_src=twsrc%5Etfw\">#\u00daltimoMinuto<\/a> <br>Trabajadores de salud adheridos al Sindicato Federal Democr\u00e1tico se apoderan de oficinas administrativas de los <a href=\"https:\/\/twitter.com\/SSO_GobOax?ref_src=twsrc%5Etfw\">@SSO_GobOax<\/a> y exigen la renuncia de funcionaria. <a href=\"https:\/\/t.co\/oThHy9NHkI\">pic.twitter.com\/oThHy9NHkI<\/a><\/p>&mdash; Zona Roja Oaxaca (@ZonaRoja_Oaxaca) <a href=\"https:\/\/twitter.com\/ZonaRoja_Oaxaca\/status\/1542524791063621641?ref_src=twsrc%5Etfw\">30 de junio de 2022<\/a><\/blockquote><\/div>\n<\/div><\/figure>\n","protected":false},"excerpt":{"rendered":"<p>Yuridiana Sosa\/Zona Roja. Oaxaca de Ju\u00e1rez, Oax., 30 de junio de 2022.- Las exigencias de&hellip;<\/p>\n","protected":false},"author":2,"featured_media":42980,"comment_status":"closed","ping_status":"open","sticky":false,"template":"","format":"standard","meta":{"_lmt_disableupdate":"","_lmt_disable":"","_jetpack_memberships_contains_paid_content":false,"footnotes":""},"categories":[109,47],"tags":[1005],"class_list":["post-42979","post","type-post","status-publish","format-standard","has-post-thumbnail","hentry","category-minuto-a-minuto","category-zona-gris","tag-servicios-de-salud-de-oaxaca-sso"],"jetpack_featured_media_url":"https:\/\/zonaroja.com.mx\/wp-content\/uploads\/2022\/06\/Protesta-SSO-Sifeds.jpg","jetpack_sharing_enabled":true,"_links":{"self":[{"href":"https:\/\/zonaroja.com.mx\/index.php?rest_route=\/wp\/v2\/posts\/42979","targetHints":{"allow":["GET"]}}],"collection":[{"href":"https:\/\/zonaroja.com.mx\/index.php?rest_route=\/wp\/v2\/posts"}],"about":[{"href":"https:\/\/zonaroja.com.mx\/index.php?rest_route=\/wp\/v2\/types\/post"}],"author":[{"embeddable":true,"href":"https:\/\/zonaroja.com.mx\/index.php?rest_route=\/wp\/v2\/users\/2"}],"replies":[{"embeddable":true,"href":"https:\/\/zonaroja.com.mx\/index.php?rest_route=%2Fwp%2Fv2%2Fcomments&post=42979"}],"version-history":[{"count":1,"href":"https:\/\/zonaroja.com.mx\/index.php?rest_route=\/wp\/v2\/posts\/42979\/revisions"}],"predecessor-version":[{"id":42981,"href":"https:\/\/zonaroja.com.mx\/index.php?rest_route=\/wp\/v2\/posts\/42979\/revisions\/42981"}],"wp:featuredmedia":[{"embeddable":true,"href":"https:\/\/zonaroja.com.mx\/index.php?rest_route=\/wp\/v2\/media\/42980"}],"wp:attachment":[{"href":"https:\/\/zonaroja.com.mx\/index.php?rest_route=%2Fwp%2Fv2%2Fmedia&parent=42979"}],"wp:term":[{"taxonomy":"category","embeddable":true,"href":"https:\/\/zonaroja.com.mx\/index.php?rest_route=%2Fwp%2Fv2%2Fcategories&post=42979"},{"taxonomy":"post_tag","embeddable":true,"href":"https:\/\/zonaroja.com.mx\/index.php?rest_route=%2Fwp%2Fv2%2Ftags&post=42979"}],"curies":[{"name":"wp","href":"https:\/\/api.w.org\/{rel}","templated":true}]}}