{"id":4298,"date":"2019-09-26T13:38:56","date_gmt":"2019-09-26T18:38:56","guid":{"rendered":"https:\/\/www.zonaroja.com.mx\/?p=4298"},"modified":"2019-09-26T18:17:02","modified_gmt":"2019-09-26T23:17:02","slug":"grupos-religiosos-aseguran-que-despenalizacion-del-aborto-en-oaxaca-contraviene-la-constitucion","status":"publish","type":"post","link":"https:\/\/zonaroja.com.mx\/?p=4298","title":{"rendered":"Grupos religiosos aseguran que despenalizaci\u00f3n del aborto en Oaxaca contraviene la Constituci\u00f3n"},"content":{"rendered":"\n<p class=\"p1\">Redacci\u00f3n\/ Zona Roja.<\/p>\n\n\n\n<p class=\"p1\">Oaxaca de Ju\u00e1rez, Oax., 26 de septiembre de 2019.- Tras la aprobaci\u00f3n de las reformas al C\u00f3digo Penal de Oaxaca, mediante las cuales se despenaliza la interrupci\u00f3n legal del embarazo hasta antes de las 12 de semanas de gestaci\u00f3n, grupos religiosos aseguran que la decisi\u00f3n violenta la Constituci\u00f3n Pol\u00edtica del Estado. <\/p>\n\n\n\n<p class=\"p1\">As\u00ed lo se\u00f1al\u00f3 Porfirio Flores, pastor y asesor jur\u00eddico de la Confraternidad de Pastores Cristianos de Oaxaca, quien cuestion\u00f3 que al interior del Congreso local se hayan avalado cambios en la normatividad penal que se contraponen a lo expuesto en la m\u00e1xima ley oaxaque\u00f1a.&nbsp;<\/p>\n\n\n\n<p class=\"p1\">\u201cDesde el derecho constitucional se debi\u00f3 de haber, primero, reformado la Constituci\u00f3n, ya que est\u00e1 establece en su art\u00edculo 12 p\u00e1rrafo 6 que el Estado garantiza la protecci\u00f3n de la vida desde el momento de la fecundaci\u00f3n, es como ponerte primero los zapatos y luego los calcetines\u201d, dijo en entrevista tras aprobaci\u00f3n de las reformas.&nbsp;<\/p>\n\n\n\n<p class=\"p1\">En este sentido Porfirio Flores manifest\u00f3 que el Congreso va de mal en peor porque no hizo una consulta con respecto al tema y tampoco inici\u00f3 las modificaciones a la ley desde la Constituci\u00f3n, situaci\u00f3n que dijo les abre el paso para solicitar un amparo ante las instancias correspondientes.\u00a0<\/p>\n\n\n\n<figure class=\"wp-block-embed-twitter wp-block-embed is-type-rich is-provider-twitter\"><div class=\"wp-block-embed__wrapper\">\n<div class=\"twitter-tweet\"><blockquote class=\"twitter-tweet\" data-lang=\"es\"><p lang=\"es\" dir=\"ltr\">Tras modificaciones al C\u00f3digo Penal de Oaxaca para despenalizar el aborto, el abogado de la Confraternidad de Pastores Cristianos de Oaxaca, <a href=\"https:\/\/twitter.com\/iporflores70?ref_src=twsrc%5Etfw\">@iporflores70<\/a>, asegur\u00f3 que es inconstitucional. Aqu\u00ed su opini\u00f3n: <a href=\"https:\/\/t.co\/XZIu4HAHO5\">pic.twitter.com\/XZIu4HAHO5<\/a><\/p>&mdash; Zona Roja Oaxaca (@MexRoja) <a href=\"https:\/\/twitter.com\/MexRoja\/status\/1177076772212498433?ref_src=twsrc%5Etfw\">26 de septiembre de 2019<\/a><\/blockquote><\/div>\n<\/div><\/figure>\n\n\n\n<p class=\"p1\">De igual forma se\u00f1al\u00f3 una serie de irregularidades al interior de la Sesi\u00f3n Ordinaria que se llev\u00f3 a cabo este mi\u00e9rcoles, en el recinto ubicado en San Raymunda Jalpan, ya que present\u00f3 problemas t\u00e9cnicos en el tablero de votaci\u00f3n, as\u00ed como se suspendi\u00f3 sin estar permitido por la normatividad interna.<\/p>\n\n\n\n<p class=\"p1\">\u201cUna sesi\u00f3n no se suspende, en una sesi\u00f3n se hace un receso, como lo ocurrido con el tema del tablero, o cuando se indicaba que hab\u00eda mucha gente en las entradas y pasillos del recinto, pero no se finaliza porque no hay una raz\u00f3n, se suspendi\u00f3 justamente cuando se iba a votar la parte constitucional\u201d, se\u00f1al\u00f3.<\/p>\n\n\n\n<p class=\"p1\">El representante evang\u00e9lico asegur\u00f3 que la serie de irregularidades al interior del Congreso local abre la opci\u00f3n de impugnar la sesi\u00f3n por cualquier v\u00eda, por lo que insisti\u00f3 en que nadie gan\u00f3 y nadie perdi\u00f3 este mi\u00e9rcoles, pese a los festejos que se registraban en la explanada del recinto por parte del grupo de mujeres feministas.<\/p>\n\n\n\n<p class=\"p1\">As\u00ed mismo a trav\u00e9s de sus redes sociales, otros personajes del grupo autodenominado Pro Vida hicieron un llamado a seguir en la lucha ya que a\u00fan falta por hacer los cambios en la Constituci\u00f3n, por lo que insistieron en no quitar el dedo del rengl\u00f3n y mantenerse a favor de la vida desde el momento de la concepci\u00f3n.<\/p>\n\n\n\n<p class=\"p1\"> \u201cNo lo lograron, no pudieron tener los votos, as\u00ed que la lucha sigue por la vida, no bajemos la guardia, lo que hicieron hoy es ilegal e improcedente\u201d, se escucha en video de 45 segundos, difundido por el propio Porfirio Flores en su cuenta de Twitter.<br><\/p>\n\n\n\n<p><\/p>\n","protected":false},"excerpt":{"rendered":"<p>Redacci\u00f3n\/ Zona Roja. Oaxaca de Ju\u00e1rez, Oax., 26 de septiembre de 2019.- Tras la aprobaci\u00f3n&hellip;<\/p>\n","protected":false},"author":2,"featured_media":4297,"comment_status":"closed","ping_status":"open","sticky":false,"template":"","format":"standard","meta":{"_lmt_disableupdate":"","_lmt_disable":"","_jetpack_memberships_contains_paid_content":false,"footnotes":""},"categories":[1],"tags":[],"class_list":["post-4298","post","type-post","status-publish","format-standard","has-post-thumbnail","hentry","category-sin-categoria"],"jetpack_featured_media_url":"https:\/\/zonaroja.com.mx\/wp-content\/uploads\/2019\/09\/img_1257.jpg","jetpack_sharing_enabled":true,"_links":{"self":[{"href":"https:\/\/zonaroja.com.mx\/index.php?rest_route=\/wp\/v2\/posts\/4298","targetHints":{"allow":["GET"]}}],"collection":[{"href":"https:\/\/zonaroja.com.mx\/index.php?rest_route=\/wp\/v2\/posts"}],"about":[{"href":"https:\/\/zonaroja.com.mx\/index.php?rest_route=\/wp\/v2\/types\/post"}],"author":[{"embeddable":true,"href":"https:\/\/zonaroja.com.mx\/index.php?rest_route=\/wp\/v2\/users\/2"}],"replies":[{"embeddable":true,"href":"https:\/\/zonaroja.com.mx\/index.php?rest_route=%2Fwp%2Fv2%2Fcomments&post=4298"}],"version-history":[{"count":2,"href":"https:\/\/zonaroja.com.mx\/index.php?rest_route=\/wp\/v2\/posts\/4298\/revisions"}],"predecessor-version":[{"id":4310,"href":"https:\/\/zonaroja.com.mx\/index.php?rest_route=\/wp\/v2\/posts\/4298\/revisions\/4310"}],"wp:featuredmedia":[{"embeddable":true,"href":"https:\/\/zonaroja.com.mx\/index.php?rest_route=\/wp\/v2\/media\/4297"}],"wp:attachment":[{"href":"https:\/\/zonaroja.com.mx\/index.php?rest_route=%2Fwp%2Fv2%2Fmedia&parent=4298"}],"wp:term":[{"taxonomy":"category","embeddable":true,"href":"https:\/\/zonaroja.com.mx\/index.php?rest_route=%2Fwp%2Fv2%2Fcategories&post=4298"},{"taxonomy":"post_tag","embeddable":true,"href":"https:\/\/zonaroja.com.mx\/index.php?rest_route=%2Fwp%2Fv2%2Ftags&post=4298"}],"curies":[{"name":"wp","href":"https:\/\/api.w.org\/{rel}","templated":true}]}}