{"id":42985,"date":"2022-06-30T20:21:33","date_gmt":"2022-07-01T01:21:33","guid":{"rendered":"http:\/\/www.zonaroja.com.mx\/?p=42985"},"modified":"2022-06-30T20:23:58","modified_gmt":"2022-07-01T01:23:58","slug":"pese-a-advertencia-no-atendieron-a-camioneros-y-bloquean-en-istmo","status":"publish","type":"post","link":"https:\/\/zonaroja.com.mx\/?p=42985","title":{"rendered":"Pese a advertencia, no atendieron a camioneros y bloquean en Istmo"},"content":{"rendered":"\n<p>Yuridiana Sosa\/Zona Roja.<\/p>\n\n\n\n<p>Oaxaca de Ju\u00e1rez, Oax., 30 de junio de 2022.- A falta de atenci\u00f3n a la demanda de pagos por seis meses de trabajo, la Uni\u00f3n de Camioneros de Estaci\u00f3n Mogo\u00f1\u00e9, en el Istmo de Oaxaca, iniciaron un bloqueo en la Carretera Trans\u00edstmica para presionar al Gobierno de M\u00e9xico a cumplir con la liquidaci\u00f3n de la deuda.<\/p>\n\n\n\n<p>El pasado 28 de junio los trabajadores de la construcci\u00f3n, de San Juan Guichicovi, advirtieron de esta movilizaci\u00f3n de no recibir soluci\u00f3n a su petici\u00f3n justificada, pues ellos han cumplido con la realizaci\u00f3n de caminos cosecheros que formaron parte de los acuerdos para la creaci\u00f3n del Corredor Interoce\u00e1nico.<\/p>\n\n\n\n<p>Los afectados hicieron un llamado al presidente de M\u00e9xico, Andr\u00e9s Manuel L\u00f3pez Obrador, para que intervenga en dar respuesta al incumplimiento por parte del Coordinador General de Desarrollo Comercial- Corredor Interoce\u00e1nico, Alberto Serran\u00eda Soto, responsable de sus contrataciones.<\/p>\n\n\n\n<p>Al no obtener ning\u00fan tipo de atenci\u00f3n, este jueves instalaron un bloqueo que afecta el tramo de la carretera Palomares-Mat\u00edas Romero.<\/p>\n\n\n\n<p>Esta protesta se suma a las manifestaciones que involucran trabajos del megaproyecto del gobierno federal.<\/p>\n\n\n\n<p>Apenas a inicio de junio, &nbsp;habitantes del Ejido&nbsp;Mogo\u00f1\u00e9&nbsp;de San Juan Guichicovi realizaron por varios d\u00edas un bloqueo en las v\u00edas f\u00e9rreas donde se efect\u00faan obras para el Corredor Interoce\u00e1nico para exigir pagos m\u00e1s altos sobre las tierras que fueron ocupadas para esta obra.<\/p>\n","protected":false},"excerpt":{"rendered":"<p>Yuridiana Sosa\/Zona Roja. Oaxaca de Ju\u00e1rez, Oax., 30 de junio de 2022.- A falta de&hellip;<\/p>\n","protected":false},"author":2,"featured_media":42988,"comment_status":"closed","ping_status":"open","sticky":false,"template":"","format":"standard","meta":{"_lmt_disableupdate":"","_lmt_disable":"","_jetpack_memberships_contains_paid_content":false,"footnotes":""},"categories":[109,47],"tags":[2765],"class_list":["post-42985","post","type-post","status-publish","format-standard","has-post-thumbnail","hentry","category-minuto-a-minuto","category-zona-gris","tag-mogone-san-juan-guichicovi"],"jetpack_featured_media_url":"https:\/\/zonaroja.com.mx\/wp-content\/uploads\/2022\/06\/94f83ea5-f667-4eed-850c-806567ad80bb.jpg","jetpack_sharing_enabled":true,"_links":{"self":[{"href":"https:\/\/zonaroja.com.mx\/index.php?rest_route=\/wp\/v2\/posts\/42985","targetHints":{"allow":["GET"]}}],"collection":[{"href":"https:\/\/zonaroja.com.mx\/index.php?rest_route=\/wp\/v2\/posts"}],"about":[{"href":"https:\/\/zonaroja.com.mx\/index.php?rest_route=\/wp\/v2\/types\/post"}],"author":[{"embeddable":true,"href":"https:\/\/zonaroja.com.mx\/index.php?rest_route=\/wp\/v2\/users\/2"}],"replies":[{"embeddable":true,"href":"https:\/\/zonaroja.com.mx\/index.php?rest_route=%2Fwp%2Fv2%2Fcomments&post=42985"}],"version-history":[{"count":1,"href":"https:\/\/zonaroja.com.mx\/index.php?rest_route=\/wp\/v2\/posts\/42985\/revisions"}],"predecessor-version":[{"id":42986,"href":"https:\/\/zonaroja.com.mx\/index.php?rest_route=\/wp\/v2\/posts\/42985\/revisions\/42986"}],"wp:featuredmedia":[{"embeddable":true,"href":"https:\/\/zonaroja.com.mx\/index.php?rest_route=\/wp\/v2\/media\/42988"}],"wp:attachment":[{"href":"https:\/\/zonaroja.com.mx\/index.php?rest_route=%2Fwp%2Fv2%2Fmedia&parent=42985"}],"wp:term":[{"taxonomy":"category","embeddable":true,"href":"https:\/\/zonaroja.com.mx\/index.php?rest_route=%2Fwp%2Fv2%2Fcategories&post=42985"},{"taxonomy":"post_tag","embeddable":true,"href":"https:\/\/zonaroja.com.mx\/index.php?rest_route=%2Fwp%2Fv2%2Ftags&post=42985"}],"curies":[{"name":"wp","href":"https:\/\/api.w.org\/{rel}","templated":true}]}}