{"id":42989,"date":"2022-06-30T21:26:54","date_gmt":"2022-07-01T02:26:54","guid":{"rendered":"http:\/\/www.zonaroja.com.mx\/?p=42989"},"modified":"2022-06-30T21:26:55","modified_gmt":"2022-07-01T02:26:55","slug":"exigen-periodistas-de-oaxaca-cese-a-la-violencia-contra-el-gremio-en-mexico","status":"publish","type":"post","link":"https:\/\/zonaroja.com.mx\/?p=42989","title":{"rendered":"Exigen periodistas de Oaxaca cese a la violencia contra el gremio en M\u00e9xico"},"content":{"rendered":"\n<p>Yuridiana Sosa\/Zona Roja.<\/p>\n\n\n\n<p>Oaxaca de Ju\u00e1rez, Oax., 30 de junio de 2022.- Periodistas de Oaxaca condenaron el cobarde asesinato del compa\u00f1ero Antonio de la Cruz en Ciudad Victoria, Tamaulipas, con el suman 12 este a\u00f1o y 59 en lo que va de la actual administraci\u00f3n del Gobierno de M\u00e9xico.<\/p>\n\n\n\n<p>Los comunicadores agrupados desde el movimiento \u201cPeriodismo en Riesgo-Oaxaca\u201d y la Asociaci\u00f3n de Periodistas de Oaxaca (APO) alzaron la voz para decir \u201c\u00a1Ya basta!\u201d de agresiones, \u201c\u00a1No se mata la verdad matando periodistas!\u201d.<\/p>\n\n\n\n<p>Demandaron al Presidente de M\u00e9xico, Andr\u00e9s Manuel L\u00f3pez Obrador; al Secretario de Gobernaci\u00f3n, Ad\u00e1n Augusto L\u00f3pez y al Fiscal General de la Rep\u00fablica, Alejandro Gertz Manero dejar de ser omisos ante las agresiones y asesinatos de los miembros de este gremio.<\/p>\n\n\n\n<p>En un comunicado, el movimiento \u201cPeriodismo en Riesgo-Oaxaca\u201d se\u00f1al\u00f3 que las familias de los periodistas asesinados merecen justicia, as\u00ed como el gremio requiere que se apliquen los mecanismos de prevenci\u00f3n y protecci\u00f3n eficaces para el desempe\u00f1o de su funci\u00f3n sin que les cueste la vida, como ha ocurrido con una docena este 2022.<\/p>\n\n\n\n<p>En ese sentido, record\u00f3 que un ejemplo de la omisi\u00f3n de los tres niveles de gobierno para aplicar justicia es el caso del compa\u00f1ero Heber L\u00f3pez, asesinado el 10 de febrero en Salina Cruz, en la regi\u00f3n del Istmo.<\/p>\n\n\n\n<p>Por su parte, la APO lament\u00f3 el aumento desenfrenado de hechos violentos y homicidios en M\u00e9xico y en la entidad.<\/p>\n\n\n\n<p>\u201cEs dif\u00edcil entender que para callarnos deben matarnos, se\u00f1or Presidente le pedimos de la manera m\u00e1s atenta hacer cumplir nuestros derechos como periodistas\u201d, manifest\u00f3 la asociaci\u00f3n oaxaque\u00f1a.<\/p>\n","protected":false},"excerpt":{"rendered":"<p>Yuridiana Sosa\/Zona Roja. Oaxaca de Ju\u00e1rez, Oax., 30 de junio de 2022.- Periodistas de Oaxaca&hellip;<\/p>\n","protected":false},"author":2,"featured_media":42990,"comment_status":"closed","ping_status":"open","sticky":false,"template":"","format":"standard","meta":{"_lmt_disableupdate":"","_lmt_disable":"","_jetpack_memberships_contains_paid_content":false,"footnotes":""},"categories":[109,46],"tags":[3063],"class_list":["post-42989","post","type-post","status-publish","format-standard","has-post-thumbnail","hentry","category-minuto-a-minuto","category-zona-blanca","tag-periodismo-en-riesgo-oaxaca"],"jetpack_featured_media_url":"https:\/\/zonaroja.com.mx\/wp-content\/uploads\/2022\/06\/Pronunciamiento-periodistas.jpg","jetpack_sharing_enabled":true,"_links":{"self":[{"href":"https:\/\/zonaroja.com.mx\/index.php?rest_route=\/wp\/v2\/posts\/42989","targetHints":{"allow":["GET"]}}],"collection":[{"href":"https:\/\/zonaroja.com.mx\/index.php?rest_route=\/wp\/v2\/posts"}],"about":[{"href":"https:\/\/zonaroja.com.mx\/index.php?rest_route=\/wp\/v2\/types\/post"}],"author":[{"embeddable":true,"href":"https:\/\/zonaroja.com.mx\/index.php?rest_route=\/wp\/v2\/users\/2"}],"replies":[{"embeddable":true,"href":"https:\/\/zonaroja.com.mx\/index.php?rest_route=%2Fwp%2Fv2%2Fcomments&post=42989"}],"version-history":[{"count":1,"href":"https:\/\/zonaroja.com.mx\/index.php?rest_route=\/wp\/v2\/posts\/42989\/revisions"}],"predecessor-version":[{"id":42991,"href":"https:\/\/zonaroja.com.mx\/index.php?rest_route=\/wp\/v2\/posts\/42989\/revisions\/42991"}],"wp:featuredmedia":[{"embeddable":true,"href":"https:\/\/zonaroja.com.mx\/index.php?rest_route=\/wp\/v2\/media\/42990"}],"wp:attachment":[{"href":"https:\/\/zonaroja.com.mx\/index.php?rest_route=%2Fwp%2Fv2%2Fmedia&parent=42989"}],"wp:term":[{"taxonomy":"category","embeddable":true,"href":"https:\/\/zonaroja.com.mx\/index.php?rest_route=%2Fwp%2Fv2%2Fcategories&post=42989"},{"taxonomy":"post_tag","embeddable":true,"href":"https:\/\/zonaroja.com.mx\/index.php?rest_route=%2Fwp%2Fv2%2Ftags&post=42989"}],"curies":[{"name":"wp","href":"https:\/\/api.w.org\/{rel}","templated":true}]}}