{"id":42992,"date":"2022-06-30T22:12:37","date_gmt":"2022-07-01T03:12:37","guid":{"rendered":"http:\/\/www.zonaroja.com.mx\/?p=42992"},"modified":"2022-06-30T22:12:38","modified_gmt":"2022-07-01T03:12:38","slug":"vinculan-a-proceso-a-jesus-n-presunto-feminicida-de-la-cantante-yrma-lydya","status":"publish","type":"post","link":"https:\/\/zonaroja.com.mx\/?p=42992","title":{"rendered":"Vinculan a proceso a Jes\u00fas \u201cN\u201d, presunto feminicida de la cantante Yrma Lydya"},"content":{"rendered":"\n<p>Redacci\u00f3n\/Zona Roja Cdmx.<\/p>\n\n\n\n<p>Ciudad de M\u00e9xico, 30 de junio de 2022.- Despu\u00e9s de ocho horas de audiencia y tres recesos, un juez de control del Reclusorio Oriente vincul\u00f3 a proceso a Jes\u00fas \u201cN\u201d, presunto feminicida de la cantante Yrma Lydya, asesinada el pasado 23 de junio.<\/p>\n\n\n\n<p>Como parte de las pruebas, la Fiscal\u00eda present\u00f3 videos del momento en el que le entregan a Jes\u00fas \u201cN\u201d el arma con el que presuntamente ejecut\u00f3 a la mujer, de 21 a\u00f1os.&nbsp;<\/p>\n\n\n\n<p>Durante el encuentro, el implicado neg\u00f3 tener un arma, adem\u00e1s se\u00f1al\u00f3 que nadie lo vio entrar al restaurante Suntory, en la alcald\u00eda Benito Ju\u00e1rez (Ciudad de M\u00e9xico), donde ocurrieron los hechos.<\/p>\n","protected":false},"excerpt":{"rendered":"<p>Redacci\u00f3n\/Zona Roja Cdmx. Ciudad de M\u00e9xico, 30 de junio de 2022.- Despu\u00e9s de ocho horas&hellip;<\/p>\n","protected":false},"author":2,"featured_media":42993,"comment_status":"closed","ping_status":"open","sticky":false,"template":"","format":"standard","meta":{"_lmt_disableupdate":"","_lmt_disable":"","_jetpack_memberships_contains_paid_content":false,"footnotes":""},"categories":[109,47],"tags":[],"class_list":["post-42992","post","type-post","status-publish","format-standard","has-post-thumbnail","hentry","category-minuto-a-minuto","category-zona-gris"],"jetpack_featured_media_url":"https:\/\/zonaroja.com.mx\/wp-content\/uploads\/2022\/06\/Jesus-N-feminicida-Yrma-Lydia.jpeg","jetpack_sharing_enabled":true,"_links":{"self":[{"href":"https:\/\/zonaroja.com.mx\/index.php?rest_route=\/wp\/v2\/posts\/42992","targetHints":{"allow":["GET"]}}],"collection":[{"href":"https:\/\/zonaroja.com.mx\/index.php?rest_route=\/wp\/v2\/posts"}],"about":[{"href":"https:\/\/zonaroja.com.mx\/index.php?rest_route=\/wp\/v2\/types\/post"}],"author":[{"embeddable":true,"href":"https:\/\/zonaroja.com.mx\/index.php?rest_route=\/wp\/v2\/users\/2"}],"replies":[{"embeddable":true,"href":"https:\/\/zonaroja.com.mx\/index.php?rest_route=%2Fwp%2Fv2%2Fcomments&post=42992"}],"version-history":[{"count":1,"href":"https:\/\/zonaroja.com.mx\/index.php?rest_route=\/wp\/v2\/posts\/42992\/revisions"}],"predecessor-version":[{"id":42994,"href":"https:\/\/zonaroja.com.mx\/index.php?rest_route=\/wp\/v2\/posts\/42992\/revisions\/42994"}],"wp:featuredmedia":[{"embeddable":true,"href":"https:\/\/zonaroja.com.mx\/index.php?rest_route=\/wp\/v2\/media\/42993"}],"wp:attachment":[{"href":"https:\/\/zonaroja.com.mx\/index.php?rest_route=%2Fwp%2Fv2%2Fmedia&parent=42992"}],"wp:term":[{"taxonomy":"category","embeddable":true,"href":"https:\/\/zonaroja.com.mx\/index.php?rest_route=%2Fwp%2Fv2%2Fcategories&post=42992"},{"taxonomy":"post_tag","embeddable":true,"href":"https:\/\/zonaroja.com.mx\/index.php?rest_route=%2Fwp%2Fv2%2Ftags&post=42992"}],"curies":[{"name":"wp","href":"https:\/\/api.w.org\/{rel}","templated":true}]}}