{"id":43003,"date":"2022-07-01T07:39:43","date_gmt":"2022-07-01T12:39:43","guid":{"rendered":"http:\/\/www.zonaroja.com.mx\/?p=43003"},"modified":"2022-07-01T07:39:44","modified_gmt":"2022-07-01T12:39:44","slug":"arranca-policia-estatal-operativo-prevencion-del-delito-en-la-canada","status":"publish","type":"post","link":"https:\/\/zonaroja.com.mx\/?p=43003","title":{"rendered":"Arranca Polic\u00eda Estatal operativo \u201cPrevenci\u00f3n del Delito\u201d en la Ca\u00f1ada"},"content":{"rendered":"\n<p>Redacci\u00f3n\/Zona Roja.<\/p>\n\n\n\n<p>Oaxaca de Ju\u00e1rez, Oax., a 1 de julio de 2022.- Con el objetivo de garantizar el orden p\u00fablico y la paz social en la regi\u00f3n de la Ca\u00f1ada, el Gobierno del Estado a trav\u00e9s de la Secretar\u00eda de Seguridad P\u00fablica de Oaxaca (SSPO), que encabeza Dalia Ba\u00f1os Noyola, puso en marcha el operativo denominado \u201cPrevenci\u00f3n del Delito\u201d.<\/p>\n\n\n\n<p>Este despliegue se deriva de los acuerdos establecidos con autoridades de la regi\u00f3n y en el cual participa personal de la Polic\u00eda Estatal, de la Fiscal\u00eda General del Estado (FGEO), Agencia Estatal de Investigaciones (AEI) y polic\u00edas municipales de Huautla de Jim\u00e9nez.<\/p>\n\n\n\n<p>Aunado a ello, la titular de la SSPO explic\u00f3 que como parte de este despliegue se efectuar\u00e1n recorridos de disuasi\u00f3n, prevenci\u00f3n y vigilancia; asimismo, se implementar\u00e1n puestos de control preventivos provisionales, principalmente en Huautla de Jim\u00e9nez y en sus agencias, a fin de detectar veh\u00edculos con reporte de robo, armas de fuego, drogas, etc.<\/p>\n\n\n\n<p>Es as\u00ed como la SSPO fortalece la coordinaci\u00f3n institucional entre los tres niveles de gobierno, a fin de redoblar esfuerzos operativos que impulsen la estrategia de seguridad en la entidad, a fin de construir un Oaxaca cada vez m\u00e1s seguro.<\/p>\n","protected":false},"excerpt":{"rendered":"<p>Redacci\u00f3n\/Zona Roja. Oaxaca de Ju\u00e1rez, Oax., a 1 de julio de 2022.- Con el objetivo&hellip;<\/p>\n","protected":false},"author":2,"featured_media":43004,"comment_status":"closed","ping_status":"open","sticky":false,"template":"","format":"standard","meta":{"_lmt_disableupdate":"","_lmt_disable":"","_jetpack_memberships_contains_paid_content":false,"footnotes":""},"categories":[109,46],"tags":[1421],"class_list":["post-43003","post","type-post","status-publish","format-standard","has-post-thumbnail","hentry","category-minuto-a-minuto","category-zona-blanca","tag-secretaria-de-seguridad-publica-de-oaxaca-sspo"],"jetpack_featured_media_url":"https:\/\/zonaroja.com.mx\/wp-content\/uploads\/2022\/07\/Operartivos-SSPO-Policia-Estatal.jpg","jetpack_sharing_enabled":true,"_links":{"self":[{"href":"https:\/\/zonaroja.com.mx\/index.php?rest_route=\/wp\/v2\/posts\/43003","targetHints":{"allow":["GET"]}}],"collection":[{"href":"https:\/\/zonaroja.com.mx\/index.php?rest_route=\/wp\/v2\/posts"}],"about":[{"href":"https:\/\/zonaroja.com.mx\/index.php?rest_route=\/wp\/v2\/types\/post"}],"author":[{"embeddable":true,"href":"https:\/\/zonaroja.com.mx\/index.php?rest_route=\/wp\/v2\/users\/2"}],"replies":[{"embeddable":true,"href":"https:\/\/zonaroja.com.mx\/index.php?rest_route=%2Fwp%2Fv2%2Fcomments&post=43003"}],"version-history":[{"count":1,"href":"https:\/\/zonaroja.com.mx\/index.php?rest_route=\/wp\/v2\/posts\/43003\/revisions"}],"predecessor-version":[{"id":43005,"href":"https:\/\/zonaroja.com.mx\/index.php?rest_route=\/wp\/v2\/posts\/43003\/revisions\/43005"}],"wp:featuredmedia":[{"embeddable":true,"href":"https:\/\/zonaroja.com.mx\/index.php?rest_route=\/wp\/v2\/media\/43004"}],"wp:attachment":[{"href":"https:\/\/zonaroja.com.mx\/index.php?rest_route=%2Fwp%2Fv2%2Fmedia&parent=43003"}],"wp:term":[{"taxonomy":"category","embeddable":true,"href":"https:\/\/zonaroja.com.mx\/index.php?rest_route=%2Fwp%2Fv2%2Fcategories&post=43003"},{"taxonomy":"post_tag","embeddable":true,"href":"https:\/\/zonaroja.com.mx\/index.php?rest_route=%2Fwp%2Fv2%2Ftags&post=43003"}],"curies":[{"name":"wp","href":"https:\/\/api.w.org\/{rel}","templated":true}]}}