{"id":4301,"date":"2019-09-26T16:19:29","date_gmt":"2019-09-26T21:19:29","guid":{"rendered":"https:\/\/www.zonaroja.com.mx\/?p=4301"},"modified":"2019-09-26T18:09:37","modified_gmt":"2019-09-26T23:09:37","slug":"aprueba-congreso-de-oaxaca-celebrar-el-dia-estatal-del-maiz-nativo","status":"publish","type":"post","link":"https:\/\/zonaroja.com.mx\/?p=4301","title":{"rendered":"Aprueba Congreso de Oaxaca celebrar el D\u00eda Estatal del Ma\u00edz Nativo"},"content":{"rendered":"\n<p>Evlin Arag\u00f3n\/Zona Roja.<\/p>\n\n\n\n<p>San Raymundo Jalpan, Oax., 26 de septiembre de 2019.- Debido a la importancia que tiene el ma\u00edz en la alimentaci\u00f3n oaxaque\u00f1a, el Congreso local aprob\u00f3 que el 29 de septiembre de cada a\u00f1o se conmemore al ma\u00edz nativo y se comprometa a las autoridades estatales y municipales a realizar acciones para generar conciencia sobre su protecci\u00f3n y conservaci\u00f3n.<\/p>\n\n\n\n<p>Lo anterior a iniciativa del diputado por Morena, Horacio Sosa Villavicencio, quien solicit\u00f3 que su propuesta se considerara de urgente y obvia resoluci\u00f3n \u2014lo cual fue avalado\u2014, con el fin de que este pr\u00f3ximo domingo se pueda celebrar el primer D\u00eda Estatal del Ma\u00edz Nativo de Oaxaca.<\/p>\n\n\n\n<p>El legislador expuso que el ma\u00edz junto con el frijol y la calabaza, aportan alrededor del 75 por ciento de la ingesta de calor\u00edas de la poblaci\u00f3n rural, convirtiendo en el cultivo m\u00e1s importante para el pueblo oaxaque\u00f1o y parte fundamental de su cultura y tradiciones. <\/p>\n\n\n\n<p>\u201cPara el pueblo mexicano, el ma\u00edz tiene un significado profundo, pues conlleva aspectos culturales, religiosos, est\u00e9ticos y de organizaci\u00f3n econ\u00f3mica, pol\u00edtica y social. El ma\u00edz, para muchas comunidades ind\u00edgenas, representa no solo su base alimentaria, sino el v\u00ednculo comunitario, territorial y de origen\u201d, dijo en su exposici\u00f3n de motivos.<\/p>\n\n\n\n<figure class=\"wp-block-embed-twitter wp-block-embed is-type-rich is-provider-twitter\"><div class=\"wp-block-embed__wrapper\">\n<div class=\"twitter-tweet\"><blockquote class=\"twitter-tweet\" data-lang=\"es\"><p lang=\"es\" dir=\"ltr\">De los Estados Unidos de Norteam\u00e9rica se importa ma\u00edz transg\u00e9nico en grandes vol\u00famenes, lo que pone en riesgo el grano criollo, de ah\u00ed la importancia de preservar \u00e9ste, dijo <a href=\"https:\/\/twitter.com\/HoracioSosaOax?ref_src=twsrc%5Etfw\">@HoracioSosaOax<\/a> ayer en tribuna del <a href=\"https:\/\/twitter.com\/CongresoOaxLXIV?ref_src=twsrc%5Etfw\">@CongresoOaxLXIV<\/a>. <a href=\"https:\/\/t.co\/bcGZz1tNs2\">pic.twitter.com\/bcGZz1tNs2<\/a><\/p>&mdash; Zona Roja Oaxaca (@MexRoja) <a href=\"https:\/\/twitter.com\/MexRoja\/status\/1177350201104916480?ref_src=twsrc%5Etfw\">26 de septiembre de 2019<\/a><\/blockquote><\/div>\n<\/div><\/figure>\n\n\n\n<p>El diputado por Morena, explic\u00f3 que de acuerdo con el Instituto Nacional de Investigaciones Forestales, Agr\u00edcolas y Pecuarias, Oaxaca tiene la reserva gen\u00e9tica mas importante de la especie, al conservar 35 razas de ma\u00edces distribuidos en las ocho regiones del territorio, lo cual representa el 70% de las razas existentes en todo el pa\u00eds.<\/p>\n\n\n\n<p>Sin embargo, el grano enfrenta diversas dificultades, entre ellas la amenaza de los ma\u00edces transg\u00e9nicos que entran al pa\u00eds provenientes de Estados Unidos, mediante los tratados de libre comercio signados con las naciones vecinas del norte. \u201cEn Estados Unidos, la tercera parte de su producci\u00f3n es de ma\u00edz modificado gen\u00e9ticamente. M\u00e9xico, entonces, est\u00e1 siendo inundado de ma\u00edz transg\u00e9nico\u201d, sentenci\u00f3.<\/p>\n\n\n\n<p>Por lo anterior, asegur\u00f3 es necesario realizar acciones que garanticen la protecci\u00f3n de este legado milenario, que representa un elemento fundamental en la soberan\u00eda alimentaria de los pueblos de Oaxaca, as\u00ed como celebrar a quienes con sus propios recursos mantienen mantienen las variantes nativas del ma\u00edz.<\/p>\n\n\n\n<p>Con los argumentos anteriores se estableci\u00f3 que cada&nbsp;<a href=\"\/\/3\">29 de septiembre<\/a>, no s\u00f3lo se conmemore el D\u00eda Estatal del Ma\u00edz Nativo de Oaxaca, sino que tambi\u00e9n se implementen acciones para su conservaci\u00f3n en beneficio de quienes menos tienen y que ven en este grano la posibilidad de alimentar a sus familias.<br class=\"Apple-interchange-newline\"><\/p>\n\n\n\n<p><\/p>\n","protected":false},"excerpt":{"rendered":"<p>Evlin Arag\u00f3n\/Zona Roja. San Raymundo Jalpan, Oax., 26 de septiembre de 2019.- Debido a la&hellip;<\/p>\n","protected":false},"author":2,"featured_media":4300,"comment_status":"closed","ping_status":"open","sticky":false,"template":"","format":"standard","meta":{"_lmt_disableupdate":"","_lmt_disable":"","_jetpack_memberships_contains_paid_content":false,"footnotes":""},"categories":[1],"tags":[],"class_list":["post-4301","post","type-post","status-publish","format-standard","has-post-thumbnail","hentry","category-sin-categoria"],"jetpack_featured_media_url":"https:\/\/zonaroja.com.mx\/wp-content\/uploads\/2019\/09\/img_1941.jpg","jetpack_sharing_enabled":true,"_links":{"self":[{"href":"https:\/\/zonaroja.com.mx\/index.php?rest_route=\/wp\/v2\/posts\/4301","targetHints":{"allow":["GET"]}}],"collection":[{"href":"https:\/\/zonaroja.com.mx\/index.php?rest_route=\/wp\/v2\/posts"}],"about":[{"href":"https:\/\/zonaroja.com.mx\/index.php?rest_route=\/wp\/v2\/types\/post"}],"author":[{"embeddable":true,"href":"https:\/\/zonaroja.com.mx\/index.php?rest_route=\/wp\/v2\/users\/2"}],"replies":[{"embeddable":true,"href":"https:\/\/zonaroja.com.mx\/index.php?rest_route=%2Fwp%2Fv2%2Fcomments&post=4301"}],"version-history":[{"count":2,"href":"https:\/\/zonaroja.com.mx\/index.php?rest_route=\/wp\/v2\/posts\/4301\/revisions"}],"predecessor-version":[{"id":4309,"href":"https:\/\/zonaroja.com.mx\/index.php?rest_route=\/wp\/v2\/posts\/4301\/revisions\/4309"}],"wp:featuredmedia":[{"embeddable":true,"href":"https:\/\/zonaroja.com.mx\/index.php?rest_route=\/wp\/v2\/media\/4300"}],"wp:attachment":[{"href":"https:\/\/zonaroja.com.mx\/index.php?rest_route=%2Fwp%2Fv2%2Fmedia&parent=4301"}],"wp:term":[{"taxonomy":"category","embeddable":true,"href":"https:\/\/zonaroja.com.mx\/index.php?rest_route=%2Fwp%2Fv2%2Fcategories&post=4301"},{"taxonomy":"post_tag","embeddable":true,"href":"https:\/\/zonaroja.com.mx\/index.php?rest_route=%2Fwp%2Fv2%2Ftags&post=4301"}],"curies":[{"name":"wp","href":"https:\/\/api.w.org\/{rel}","templated":true}]}}