{"id":43011,"date":"2022-07-01T09:58:00","date_gmt":"2022-07-01T14:58:00","guid":{"rendered":"http:\/\/www.zonaroja.com.mx\/?p=43011"},"modified":"2022-07-01T08:01:47","modified_gmt":"2022-07-01T13:01:47","slug":"pide-derechos-humanos-de-oaxaca-establecer-procesos-de-migracion-legal","status":"publish","type":"post","link":"https:\/\/zonaroja.com.mx\/?p=43011","title":{"rendered":"Pide Derechos Humanos de Oaxaca establecer procesos de migraci\u00f3n legal"},"content":{"rendered":"\n<p>Redacci\u00f3n\/Zona Roja.<\/p>\n\n\n\n<p>Oaxaca de Ju\u00e1rez, Oax., 1 de julio de 2022.- Ante la tragedia de personas migrantes en Texas, en la que se perdieron 53 vidas de hombres y mujeres originarias de Centroam\u00e9rica y M\u00e9xico, en el intento de adentrarse a Estados Unidos, el titular de la Defensor\u00eda de los Derechos Humanos del Pueblo de Oaxaca (DDHPO), Bernardo Rodr\u00edguez Alamilla lament\u00f3 el suceso y llam\u00f3 al Estado mexicano a establecer procesos de gesti\u00f3n de migraci\u00f3n legal, que impidan la repetici\u00f3n de estos hechos.<\/p>\n\n\n\n<p>Tambi\u00e9n, el ombudsperson pidi\u00f3 al Gobierno del Estado atender de manera integral a las familias oaxaque\u00f1as que fueron v\u00edctimas de estos hechos, para que cuenten con las facilidades migratorias, m\u00e9dicas y de repatriaci\u00f3n de cuerpos que se requieran en cada caso.<\/p>\n\n\n\n<p>Indic\u00f3 que, ante este hecho que es solo la punta del iceberg de una profunda crisis migratoria, resulta fundamental garantizar la seguridad de las personas en situaci\u00f3n de tr\u00e1nsito, e impedir que las condiciones en las que cruzan la frontera con Estados Unidos, aumenten sus condiciones de vulnerabilidad.&nbsp;<\/p>\n\n\n\n<p>\u201cLas autoridades del Estado mexicano deben generar, conjuntamente con sus hom\u00f3logas norteamericanas, procesos claros y seguros de gesti\u00f3n de la migraci\u00f3n legal y establecer mecanismos apegados a derechos humanos que contengan la inmigraci\u00f3n irregular, pues como se ha visto en este lamentable caso, el tr\u00e1fico il\u00edcito de personas puede desencadenar tragedias en las que son vidas las que est\u00e1n en riesgo\u201d, detall\u00f3.<\/p>\n\n\n\n<p>Rodr\u00edguez Alamilla apunt\u00f3 que la migraci\u00f3n es un fen\u00f3meno mundial, que se centra en la b\u00fasqueda de personas que viven en pa\u00edses generalmente al sur de grandes potencias econ\u00f3micas, de encontrar mejores oportunidades econ\u00f3micas, de vida y tambi\u00e9n en muchos casos, de paz, pues en sus comunidades o pa\u00edses se viven situaciones de extrema violencia.<\/p>\n\n\n\n<p>El fen\u00f3meno migratorio que ocurre de Centroam\u00e9rica hacia Norteam\u00e9rica, refiri\u00f3, debe entenderse desde una perspectiva integral que contemple a todos los pa\u00edses de la regi\u00f3n, pues tiene repercusiones no solo econ\u00f3micas, sino tambi\u00e9n de seguridad y humanitarias.<\/p>\n\n\n\n<p>El defensor de los Derechos Humanos resalt\u00f3 que el uso de la fuerza no detiene a las personas migrantes, ni tampoco los muros o los retenes, puesto que siempre van a encontrar un lugar para transitar o maneras cada vez m\u00e1s dif\u00edciles, por lo que se necesitan generar alternativas seguras, ordenadas y negociadas que desalienten desplazamientos irregulares y peligrosos.<\/p>\n\n\n\n<p>Adem\u00e1s de que sostuvo, es impostergable que el Estado mexicano atienda de fondo las causas estructurales que fomentan la migraci\u00f3n, entre las m\u00e1s visibles y urgentes: la pobreza, la falta de oportunidades laborales y el clima de violencia.<\/p>\n\n\n\n<p>(Comunicado)<\/p>\n","protected":false},"excerpt":{"rendered":"<p>Redacci\u00f3n\/Zona Roja. Oaxaca de Ju\u00e1rez, Oax., 1 de julio de 2022.- Ante la tragedia de&hellip;<\/p>\n","protected":false},"author":2,"featured_media":43012,"comment_status":"closed","ping_status":"open","sticky":false,"template":"","format":"standard","meta":{"_lmt_disableupdate":"","_lmt_disable":"","_jetpack_memberships_contains_paid_content":false,"footnotes":""},"categories":[109,46],"tags":[287],"class_list":["post-43011","post","type-post","status-publish","format-standard","has-post-thumbnail","hentry","category-minuto-a-minuto","category-zona-blanca","tag-ddhpo"],"jetpack_featured_media_url":"https:\/\/zonaroja.com.mx\/wp-content\/uploads\/2022\/07\/Trailer-de-la-muerte-Texas.jpg","jetpack_sharing_enabled":true,"_links":{"self":[{"href":"https:\/\/zonaroja.com.mx\/index.php?rest_route=\/wp\/v2\/posts\/43011","targetHints":{"allow":["GET"]}}],"collection":[{"href":"https:\/\/zonaroja.com.mx\/index.php?rest_route=\/wp\/v2\/posts"}],"about":[{"href":"https:\/\/zonaroja.com.mx\/index.php?rest_route=\/wp\/v2\/types\/post"}],"author":[{"embeddable":true,"href":"https:\/\/zonaroja.com.mx\/index.php?rest_route=\/wp\/v2\/users\/2"}],"replies":[{"embeddable":true,"href":"https:\/\/zonaroja.com.mx\/index.php?rest_route=%2Fwp%2Fv2%2Fcomments&post=43011"}],"version-history":[{"count":1,"href":"https:\/\/zonaroja.com.mx\/index.php?rest_route=\/wp\/v2\/posts\/43011\/revisions"}],"predecessor-version":[{"id":43013,"href":"https:\/\/zonaroja.com.mx\/index.php?rest_route=\/wp\/v2\/posts\/43011\/revisions\/43013"}],"wp:featuredmedia":[{"embeddable":true,"href":"https:\/\/zonaroja.com.mx\/index.php?rest_route=\/wp\/v2\/media\/43012"}],"wp:attachment":[{"href":"https:\/\/zonaroja.com.mx\/index.php?rest_route=%2Fwp%2Fv2%2Fmedia&parent=43011"}],"wp:term":[{"taxonomy":"category","embeddable":true,"href":"https:\/\/zonaroja.com.mx\/index.php?rest_route=%2Fwp%2Fv2%2Fcategories&post=43011"},{"taxonomy":"post_tag","embeddable":true,"href":"https:\/\/zonaroja.com.mx\/index.php?rest_route=%2Fwp%2Fv2%2Ftags&post=43011"}],"curies":[{"name":"wp","href":"https:\/\/api.w.org\/{rel}","templated":true}]}}