{"id":43014,"date":"2022-07-01T08:17:52","date_gmt":"2022-07-01T13:17:52","guid":{"rendered":"http:\/\/www.zonaroja.com.mx\/?p=43014"},"modified":"2022-07-01T08:17:53","modified_gmt":"2022-07-01T13:17:53","slug":"reconoce-rector-a-director-de-contaduria-velasco-soriano-culmina-conflicto","status":"publish","type":"post","link":"https:\/\/zonaroja.com.mx\/?p=43014","title":{"rendered":"Reconoce rector a director de Contadur\u00eda, Velasco Soriano; culmina conflicto"},"content":{"rendered":"\n<p>Redacci\u00f3n\/Zona Roja.<\/p>\n\n\n\n<p>Oaxaca de Ju\u00e1rez, Oax., 1 de julio de 2022.- El rector de la Universidad Aut\u00f3noma \u201cBenito Ju\u00e1rez\u201d de Oaxaca (UABJO), Cristian \u00c9der Carre\u00f1o, acudi\u00f3 casi a la media noche de ayer a Ciudad Universitaria, para dialogar con la comunidad de la Facultad de Contadur\u00eda y Administraci\u00f3n.<\/p>\n\n\n\n<p>Tras ello, fue retirada la ocupaci\u00f3n de las instalaciones universitarias, luego que el representante de la m\u00e1xima casa de estudios se comprometi\u00f3 a no inmiscuirse en la problem\u00e1tica de dicha instituci\u00f3n y reconocer a Gerardo Velasco Soriano como director de la Facultad.<\/p>\n\n\n\n<p>Fue la noche del pasado lunes en que acad\u00e9micos, estudiantes y trabajadores de Contadur\u00eda se apoderaron de Ciudad Universitaria, luego que se pretend\u00eda desconocer a Velasco Soriano y convocar a una sesi\u00f3n ilegal de Consejo T\u00e9cnico.<\/p>\n\n\n\n<p>Ello sucedi\u00f3 finalmente la tarde del martes, en que supuestamente eligieron al abogado Mauro Francisco Carrasco como director de la Facultad de Contadur\u00eda, lo que increment\u00f3 el conflicto.<\/p>\n\n\n\n<p>El mi\u00e9rcoles por la noche, sesion\u00f3 de nuevo el Consejo T\u00e9cnico formal y determin\u00f3 confirmar la elecci\u00f3n de Gerardo Velasco Soriano al frente de Contadur\u00eda; no obstante, la rector\u00eda se negaba a reconocerlo.<\/p>\n\n\n\n<p>Finalmente anoche el rector tuvo que acudir a Ciudad Universitaria a comprometerse a respetar los acuerdos y vida interna de la Facultad, tras lo cual este viernes se reanudan las actividades en Ciudad Universitaria.<\/p>\n\n\n\n<figure class=\"wp-block-embed is-type-rich is-provider-twitter wp-block-embed-twitter\"><div class=\"wp-block-embed__wrapper\">\n<div class=\"twitter-tweet\"><blockquote class=\"twitter-tweet\" data-lang=\"es\"><p lang=\"es\" dir=\"ltr\">A la medianoche de ayer, fueron liberados instalaciones de Ciudad Universitaria de la <a href=\"https:\/\/twitter.com\/UABJO?ref_src=twsrc%5Etfw\">@UABJO<\/a>.<br>Ello tras llegada del rector <a href=\"https:\/\/twitter.com\/RectorCristian?ref_src=twsrc%5Etfw\">@RectorCristian<\/a> para un di\u00e1logo, en que reconoci\u00f3 a Gerardo Velasco Soriano como director de la Facultad de Contadur\u00eda y Administraci\u00f3n (<a href=\"https:\/\/twitter.com\/OficialFCAUABJO?ref_src=twsrc%5Etfw\">@OficialFCAUABJO<\/a>). <a href=\"https:\/\/t.co\/sPCsAqMAmi\">pic.twitter.com\/sPCsAqMAmi<\/a><\/p>&mdash; Zona Roja Oaxaca (@ZonaRoja_Oaxaca) <a href=\"https:\/\/twitter.com\/ZonaRoja_Oaxaca\/status\/1542844243844251650?ref_src=twsrc%5Etfw\">1 de julio de 2022<\/a><\/blockquote><\/div>\n<\/div><\/figure>\n","protected":false},"excerpt":{"rendered":"<p>Redacci\u00f3n\/Zona Roja. Oaxaca de Ju\u00e1rez, Oax., 1 de julio de 2022.- El rector de la&hellip;<\/p>\n","protected":false},"author":2,"featured_media":43015,"comment_status":"closed","ping_status":"open","sticky":false,"template":"","format":"standard","meta":{"_lmt_disableupdate":"","_lmt_disable":"","_jetpack_memberships_contains_paid_content":false,"footnotes":""},"categories":[109,46],"tags":[3169],"class_list":["post-43014","post","type-post","status-publish","format-standard","has-post-thumbnail","hentry","category-minuto-a-minuto","category-zona-blanca","tag-cristian-eder-carreno-lopez"],"jetpack_featured_media_url":"https:\/\/zonaroja.com.mx\/wp-content\/uploads\/2022\/07\/Rector-Cristian-Eder-UABJO-CU.jpg","jetpack_sharing_enabled":true,"_links":{"self":[{"href":"https:\/\/zonaroja.com.mx\/index.php?rest_route=\/wp\/v2\/posts\/43014","targetHints":{"allow":["GET"]}}],"collection":[{"href":"https:\/\/zonaroja.com.mx\/index.php?rest_route=\/wp\/v2\/posts"}],"about":[{"href":"https:\/\/zonaroja.com.mx\/index.php?rest_route=\/wp\/v2\/types\/post"}],"author":[{"embeddable":true,"href":"https:\/\/zonaroja.com.mx\/index.php?rest_route=\/wp\/v2\/users\/2"}],"replies":[{"embeddable":true,"href":"https:\/\/zonaroja.com.mx\/index.php?rest_route=%2Fwp%2Fv2%2Fcomments&post=43014"}],"version-history":[{"count":1,"href":"https:\/\/zonaroja.com.mx\/index.php?rest_route=\/wp\/v2\/posts\/43014\/revisions"}],"predecessor-version":[{"id":43016,"href":"https:\/\/zonaroja.com.mx\/index.php?rest_route=\/wp\/v2\/posts\/43014\/revisions\/43016"}],"wp:featuredmedia":[{"embeddable":true,"href":"https:\/\/zonaroja.com.mx\/index.php?rest_route=\/wp\/v2\/media\/43015"}],"wp:attachment":[{"href":"https:\/\/zonaroja.com.mx\/index.php?rest_route=%2Fwp%2Fv2%2Fmedia&parent=43014"}],"wp:term":[{"taxonomy":"category","embeddable":true,"href":"https:\/\/zonaroja.com.mx\/index.php?rest_route=%2Fwp%2Fv2%2Fcategories&post=43014"},{"taxonomy":"post_tag","embeddable":true,"href":"https:\/\/zonaroja.com.mx\/index.php?rest_route=%2Fwp%2Fv2%2Ftags&post=43014"}],"curies":[{"name":"wp","href":"https:\/\/api.w.org\/{rel}","templated":true}]}}