{"id":43017,"date":"2022-07-01T08:25:32","date_gmt":"2022-07-01T13:25:32","guid":{"rendered":"http:\/\/www.zonaroja.com.mx\/?p=43017"},"modified":"2022-07-01T08:25:34","modified_gmt":"2022-07-01T13:25:34","slug":"detallan-incentivos-fiscales-para-el-corredor-interoceanico-del-istmo","status":"publish","type":"post","link":"https:\/\/zonaroja.com.mx\/?p=43017","title":{"rendered":"Detallan incentivos fiscales para el Corredor Interoce\u00e1nico del Istmo"},"content":{"rendered":"\n<p>Redacci\u00f3n\/Zona Roja Cdmx.<\/p>\n\n\n\n<p>Ciudad de M\u00e9xico, 1 de julio de 2022.- El gobierno federal est\u00e1 alistando incentivos fiscales para las empresas que se van a instalar en los 10 parques industriales del Corredor Interoce\u00e1nico del Istmo de Tehuantepec (CIIT).<\/p>\n\n\n\n<p>\u201cVan a haber incentivos fiscales reducciones importantes en el impuesto sobre la renta, el impuesto al valor agregado, el impuesto sobre la n\u00f3mina, de impuestos al comercio exterior, principalmente en el caso de incentivos fiscales\u201c, dijo Rafael Mar\u00edn Mollinedo, director general de la autoridad del Corredor Interoce\u00e1nico del Istmo de Tehuantepec.<\/p>\n\n\n\n<p>Afirm\u00f3 que se espera en septiembre el decreto por el que se emitan los incentivos definitivos para este proyecto prioritario.<\/p>\n\n\n\n<p>En conferencia organizada por la Confederaci\u00f3n Nacional de C\u00e1maras Industriales (Concamin), a\u00f1adi\u00f3 que a m\u00e1s tardar en noviembre de 2022 se deben de iniciar operaciones con el Corredor, con el cruce interoce\u00e1nico de contenedores y del tren.<\/p>\n\n\n\n<p>Para este proyecto se tienen contemplados un total de 10 parques industriales, de los cuales&nbsp;la autoridad ya cuenta con ocho.<\/p>\n\n\n\n<p>Otros dos est\u00e1n en proceso de adquisici\u00f3n y transferencia desde la Secretar\u00eda de Agricultura y del gobierno de Veracruz.<\/p>\n\n\n\n<p>Este proyecto implica la rehabilitaci\u00f3n y construcci\u00f3n de una plataforma log\u00edstica ferroviaria, carretera de Coatzacoalcos, Veracruz a Salina Cruz, Oaxaca, de unos 300 kil\u00f3metros.<\/p>\n\n\n\n<p>Adem\u00e1s de modernizaciones de los respectivos puertos, infraestructura de comunicaciones, gasoducto e instalaciones energ\u00e9ticas.<\/p>\n\n\n\n<p>Apunt\u00f3 que para colocar los parques industriales, se va a lanzar una licitaci\u00f3n en la que se va a priorizar que los participantes garanticen el desarrollo inmediato de las industrias.&nbsp;<\/p>\n\n\n\n<p>Seg\u00fan las estimaciones de Mollinedo, en unos dos meses se contar\u00e1 con los 10 predios y con eso se va a iniciar la licitaci\u00f3n, para que en un a\u00f1o ya se tengan las instalaciones y en una d\u00e9cada el proyecto haya madurado.<\/p>\n\n\n\n<p>Jos\u00e9 Antonio Abugaber, presidente de Concamin, se\u00f1al\u00f3 este proyecto se enmarca tambi\u00e9n en el Pacto Oaxaca que se firm\u00f3 en agosto de 2019 entre el gobierno y la iniciativa privada.<\/p>\n\n\n\n<p>\u201cTenemos que aprovechar est\u00e1s oportunidades para generar econom\u00eda e industria no podemos desaprovechar las por eso ponemos los ojos en el insumo para que sea uno de los mejores proyectos del sexenio\u201c, dijo.<\/p>\n\n\n\n<p>(Informaci\u00f3n de \u201cEl Heraldo de M\u00e9xico\u201d)<\/p>\n","protected":false},"excerpt":{"rendered":"<p>Redacci\u00f3n\/Zona Roja Cdmx. Ciudad de M\u00e9xico, 1 de julio de 2022.- El gobierno federal est\u00e1&hellip;<\/p>\n","protected":false},"author":2,"featured_media":43018,"comment_status":"closed","ping_status":"open","sticky":false,"template":"","format":"standard","meta":{"_lmt_disableupdate":"","_lmt_disable":"","_jetpack_memberships_contains_paid_content":false,"footnotes":""},"categories":[109,46],"tags":[2917],"class_list":["post-43017","post","type-post","status-publish","format-standard","has-post-thumbnail","hentry","category-minuto-a-minuto","category-zona-blanca","tag-corredor-interoceanico-oaxaca"],"jetpack_featured_media_url":"https:\/\/zonaroja.com.mx\/wp-content\/uploads\/2022\/07\/Proyecto-corredor-interoceanico.jpeg","jetpack_sharing_enabled":true,"_links":{"self":[{"href":"https:\/\/zonaroja.com.mx\/index.php?rest_route=\/wp\/v2\/posts\/43017","targetHints":{"allow":["GET"]}}],"collection":[{"href":"https:\/\/zonaroja.com.mx\/index.php?rest_route=\/wp\/v2\/posts"}],"about":[{"href":"https:\/\/zonaroja.com.mx\/index.php?rest_route=\/wp\/v2\/types\/post"}],"author":[{"embeddable":true,"href":"https:\/\/zonaroja.com.mx\/index.php?rest_route=\/wp\/v2\/users\/2"}],"replies":[{"embeddable":true,"href":"https:\/\/zonaroja.com.mx\/index.php?rest_route=%2Fwp%2Fv2%2Fcomments&post=43017"}],"version-history":[{"count":1,"href":"https:\/\/zonaroja.com.mx\/index.php?rest_route=\/wp\/v2\/posts\/43017\/revisions"}],"predecessor-version":[{"id":43019,"href":"https:\/\/zonaroja.com.mx\/index.php?rest_route=\/wp\/v2\/posts\/43017\/revisions\/43019"}],"wp:featuredmedia":[{"embeddable":true,"href":"https:\/\/zonaroja.com.mx\/index.php?rest_route=\/wp\/v2\/media\/43018"}],"wp:attachment":[{"href":"https:\/\/zonaroja.com.mx\/index.php?rest_route=%2Fwp%2Fv2%2Fmedia&parent=43017"}],"wp:term":[{"taxonomy":"category","embeddable":true,"href":"https:\/\/zonaroja.com.mx\/index.php?rest_route=%2Fwp%2Fv2%2Fcategories&post=43017"},{"taxonomy":"post_tag","embeddable":true,"href":"https:\/\/zonaroja.com.mx\/index.php?rest_route=%2Fwp%2Fv2%2Ftags&post=43017"}],"curies":[{"name":"wp","href":"https:\/\/api.w.org\/{rel}","templated":true}]}}