{"id":4303,"date":"2019-09-26T17:28:35","date_gmt":"2019-09-26T22:28:35","guid":{"rendered":"http:\/\/www.zonaroja.com.mx\/?p=4303"},"modified":"2019-09-26T17:28:38","modified_gmt":"2019-09-26T22:28:38","slug":"amplian-periodo-de-exhibicion-de-la-muestra-toledo-ve-en-la-cdmx","status":"publish","type":"post","link":"https:\/\/zonaroja.com.mx\/?p=4303","title":{"rendered":"Ampl\u00edan periodo de exhibici\u00f3n de la muestra \u201cToledo Ve\u201d en la Cdmx"},"content":{"rendered":"\n<p>Redacci\u00f3n\/Zona\nRoja.<\/p>\n\n\n\n<p>Oaxaca de\nJu\u00e1rez, Oax., 26 de septiembre de 2019.- Parte de la exploraci\u00f3n en dise\u00f1o que\nhizo el maestro Francisco Toledo (17 de julio de 1940 &#8211; 5 de septiembre de\n2019) se puede apreciar en la muestra \u201cToledo Ve\u201d en el Museo Nacional de\nCulturas Populares (MNCP) de la Ciudad de M\u00e9xico, espacio que tras el deceso\ndel artista, decidi\u00f3 ampliar el periodo de exhibici\u00f3n hasta el 10 de noviembre\nde 2019.<\/p>\n\n\n\n<p>Toledo fue\nun artista que se nutri\u00f3 de las distintas culturas, de los libros y de los\nsitios que lo rodeaban, es por ello que en la presente exposici\u00f3n el espectador\npuede admirar los alcances que tuvo el maestro al dise\u00f1ar.<\/p>\n\n\n\n<p>Sensible al\narte popular, el artista exploraba constantemente distintos materiales, no\nconoci\u00f3 los l\u00edmites al momento de crear de una pieza fue una persona que\nsiempre estuvo dispuesto a aprender de los dem\u00e1s.<\/p>\n\n\n\n<p>\u201cToledo ve\u201d se abri\u00f3 el 3 de julio de 2019, ha recibido cerca de 32 mil visitantes de todas las edades. <\/p>\n\n\n\n<figure class=\"wp-block-image\"><img decoding=\"async\" width=\"1024\" height=\"768\" src=\"http:\/\/www.zonaroja.com.mx\/wp-content\/uploads\/2019\/09\/IMG_3120-1024x768.jpg\" alt=\"\" class=\"wp-image-4304\" srcset=\"https:\/\/zonaroja.com.mx\/wp-content\/uploads\/2019\/09\/IMG_3120-1024x768.jpg 1024w, https:\/\/zonaroja.com.mx\/wp-content\/uploads\/2019\/09\/IMG_3120-300x225.jpg 300w, https:\/\/zonaroja.com.mx\/wp-content\/uploads\/2019\/09\/IMG_3120-768x576.jpg 768w, https:\/\/zonaroja.com.mx\/wp-content\/uploads\/2019\/09\/IMG_3120-1170x878.jpg 1170w, https:\/\/zonaroja.com.mx\/wp-content\/uploads\/2019\/09\/IMG_3120-1920x1440.jpg 1920w, https:\/\/zonaroja.com.mx\/wp-content\/uploads\/2019\/09\/IMG_3120-585x439.jpg 585w\" sizes=\"(max-width: 1024px) 100vw, 1024px\" \/><\/figure>\n\n\n\n<p>Est\u00e1\nintegrada por 826 piezas de peque\u00f1o a gran formato y abarca desde art\u00edculos de\nla vida cotidiana que le sirvieron de inspiraci\u00f3n a Toledo, bocetos,\nprototipos, modelos, objetos intervenidos, hasta obras m\u00faltiples y piezas\n\u00fanicas de su autor\u00eda.<\/p>\n\n\n\n<p>La mayor\u00eda\nde las piezas pertenecen a su archivo personal, lo que le otorga a la\nexposici\u00f3n un car\u00e1cter de documento hist\u00f3rico o dispositivo de memoria\nconstruido por el artista en torno a su propio trabajo. <\/p>\n\n\n\n<p>Esta muestra\nfue curada por el propio artista, en colaboraci\u00f3n con su esposa Trine\nEllitsgaard, Sara L\u00f3pez Ellitsgaard y el equipo del museo, para la sala \u201cGuillermo\nBonfil Batalla\u201d.<\/p>\n\n\n\n<p>El dise\u00f1o\nque Toledo realiz\u00f3 se puede apreciar en distintos sitios p\u00fablicos de M\u00e9xico,\nprincipalmente en Oaxaca, sobre todo en los espacios que \u00e9l fund\u00f3, en la\nexposici\u00f3n se puede apreciar una reja de alacranes que cre\u00f3 para el Instituto\nde Artes Gr\u00e1ficas de Oaxaca (IAGO).<\/p>\n\n\n\n<p>Otros\nelementos que integr\u00f3 a la arquitectura del Centro de las Artes de San Agust\u00edn\n(CaSa) y la loseta tradicional que se ha vuelto muy popular en los \u00faltimos\na\u00f1os, tras los dise\u00f1os que el artista hizo para el taller Arte y Decoraci\u00f3n.<\/p>\n\n\n\n<p>\u201cToledo ve\u201d,\ninvita al visitante a mirar, a recorrer con sus ojos los objetos realizados\ndurante cinco d\u00e9cadas de trabajo constante. Piezas en las que tambi\u00e9n subyacen\nsus luchas sociales y compromiso con la cultura, el arte y la sociedad.<\/p>\n\n\n\n<p>Es\nimportante mencionar que en \u201cToledo ve\u201d no encontrar\u00e1n c\u00e9dulas porque la\nintenci\u00f3n del maestro Toledo era que la gente echara a volar su imaginaci\u00f3n al\nver c\u00f3mo intervino o c\u00f3mo se inspir\u00f3 de ciertos objetos cotidianos.<\/p>\n\n\n\n<p>Lluvia Sep\u00falveda Jim\u00e9nez, directora del Museo Nacional de Culturas Populares escribi\u00f3 en el texto que acompa\u00f1a la muestra que el artista Francisco Toledo ha diluido los l\u00edmites de diversos campos del conocimiento y la creaci\u00f3n art\u00edstica, ha vuelto porosas las fronteras entre las artes visuales, la literatura, el dise\u00f1o, la artesan\u00eda, la arquitectura, el juego, la ense\u00f1anza, el activismo social y la ecolog\u00eda.<\/p>\n\n\n\n\n\n<p>Muchos de\nlos dise\u00f1os que Toledo realiz\u00f3 son colaboraciones con distintos talleres\nartesanales: herrer\u00eda, loseta artesanal, afelpado, papel de fibras naturales y\norfebrer\u00eda, entre otros. Gracias a esas intervenciones, talleres como Arte\nPapel Vista Hermosa y el de Afelpado, ambos ubicados en la comunidad de San\nAgust\u00edn, Etla, se han podido mantener econ\u00f3micamente.<\/p>\n\n\n\n<p>Los recursos\nobtenidos a partir de dichas colaboraciones fueron destinados por Toledo a\nsolventar gran parte de los distintos proyectos educativos y culturales que se\nllevan a cabo en los institutos que el artista fund\u00f3 en Oaxaca.<\/p>\n\n\n\n<p>La\nexposici\u00f3n \u201cToledo ve\u201d, seguir\u00e1 acompa\u00f1ada de actividades acad\u00e9micas, talleres,\nciclos de cine y visitas guiadas que ser\u00e1n anunciadas en las redes sociales y\nen la p\u00e1gina web del museo.<\/p>\n\n\n\n<p>Posteriormente\nla muestra viajar\u00e1 a la Capilla del Arte de la Universidad de las Am\u00e9ricas de\nPuebla, del 21 de noviembre de 2019 al 19 de abril de 2020.<\/p>\n\n\n\n<p>El Museo\nNacional de Culturas Populares se ubica en Avenida Hidalgo 289 en la colonia\nDel Carmen, Alcald\u00eda de Coyoac\u00e1n de la capital del pa\u00eds, y tiene un horario de\nmartes a domingo de 10 a 20 horas. El costo de entrada al p\u00fablico es de 15\npesos.<\/p>\n","protected":false},"excerpt":{"rendered":"<p>Redacci\u00f3n\/Zona Roja. Oaxaca de Ju\u00e1rez, Oax., 26 de septiembre de 2019.- Parte de la exploraci\u00f3n&hellip;<\/p>\n","protected":false},"author":2,"featured_media":4306,"comment_status":"closed","ping_status":"open","sticky":false,"template":"","format":"standard","meta":{"_lmt_disableupdate":"","_lmt_disable":"","_jetpack_memberships_contains_paid_content":false,"footnotes":""},"categories":[1],"tags":[],"class_list":["post-4303","post","type-post","status-publish","format-standard","has-post-thumbnail","hentry","category-sin-categoria"],"jetpack_featured_media_url":"https:\/\/zonaroja.com.mx\/wp-content\/uploads\/2019\/09\/IMG_3459.jpg","jetpack_sharing_enabled":true,"_links":{"self":[{"href":"https:\/\/zonaroja.com.mx\/index.php?rest_route=\/wp\/v2\/posts\/4303","targetHints":{"allow":["GET"]}}],"collection":[{"href":"https:\/\/zonaroja.com.mx\/index.php?rest_route=\/wp\/v2\/posts"}],"about":[{"href":"https:\/\/zonaroja.com.mx\/index.php?rest_route=\/wp\/v2\/types\/post"}],"author":[{"embeddable":true,"href":"https:\/\/zonaroja.com.mx\/index.php?rest_route=\/wp\/v2\/users\/2"}],"replies":[{"embeddable":true,"href":"https:\/\/zonaroja.com.mx\/index.php?rest_route=%2Fwp%2Fv2%2Fcomments&post=4303"}],"version-history":[{"count":1,"href":"https:\/\/zonaroja.com.mx\/index.php?rest_route=\/wp\/v2\/posts\/4303\/revisions"}],"predecessor-version":[{"id":4307,"href":"https:\/\/zonaroja.com.mx\/index.php?rest_route=\/wp\/v2\/posts\/4303\/revisions\/4307"}],"wp:featuredmedia":[{"embeddable":true,"href":"https:\/\/zonaroja.com.mx\/index.php?rest_route=\/wp\/v2\/media\/4306"}],"wp:attachment":[{"href":"https:\/\/zonaroja.com.mx\/index.php?rest_route=%2Fwp%2Fv2%2Fmedia&parent=4303"}],"wp:term":[{"taxonomy":"category","embeddable":true,"href":"https:\/\/zonaroja.com.mx\/index.php?rest_route=%2Fwp%2Fv2%2Fcategories&post=4303"},{"taxonomy":"post_tag","embeddable":true,"href":"https:\/\/zonaroja.com.mx\/index.php?rest_route=%2Fwp%2Fv2%2Ftags&post=4303"}],"curies":[{"name":"wp","href":"https:\/\/api.w.org\/{rel}","templated":true}]}}