{"id":43032,"date":"2022-07-01T19:59:58","date_gmt":"2022-07-02T00:59:58","guid":{"rendered":"http:\/\/www.zonaroja.com.mx\/?p=43032"},"modified":"2022-07-01T20:00:01","modified_gmt":"2022-07-02T01:00:01","slug":"presentan-a-congreso-de-oaxaca-iniciativa-para-tipificar-violencia-vicaria-en-codigo-penal","status":"publish","type":"post","link":"https:\/\/zonaroja.com.mx\/?p=43032","title":{"rendered":"Presentan a Congreso de Oaxaca iniciativa para tipificar violencia vicaria en C\u00f3digo Penal"},"content":{"rendered":"\n<p>Yuridiana Sosa\/Zona Roja.<\/p>\n\n\n\n<p>Oaxaca de Ju\u00e1rez, Oax., 1 de julio de 2022.- Para frenar las violencias contra las mujeres en Oaxaca, un grupo de ciudadanos present\u00f3 al Congreso de Oaxaca una iniciativa con proyecto de decreto para tipificar la violencia vicaria, de la cual decenas de familias sufren, pero que no la reconocen.<\/p>\n\n\n\n<p>El documento se entreg\u00f3 en el contexto del inicio del segundo periodo del primer a\u00f1o de ejercicio de la 65 Legislatura de Oaxaca.<\/p>\n\n\n\n<p>En conferencia de prensa, dentro del recinto oficial, los integrantes de asociaciones civiles en defensa de los derechos de las mujeres y en defensa de los animales, detallaron su iniciativa.<\/p>\n\n\n\n<p>La propuesta contempla la adici\u00f3n de la fracci\u00f3n s\u00e9ptima al Art\u00edculo 404 Bis, del C\u00f3digo Penal, con el fin de reconocer a la violencia vicaria como un tipo de violencia familiar.<\/p>\n\n\n\n<p>Apuntaron que se debe entender como violencia vicaria \u201ctoda acci\u00f3n u omisi\u00f3n que ponga en riesgo, lesione, da\u00f1e la integridad f\u00edsica, psicol\u00f3gica de hijos, familiares cercanos, animales dom\u00e9sticos de compa\u00f1\u00eda o cualquier personas o animal con el que la persona con quien tenga o haya tenido una relaci\u00f3n de parentesco -consangu\u00ednea, afinidad, legal, concubinato, noviazgo, relaciones de convivencia,\u00a0 tenga un lazo emocional afectivo- con la finalidad de condicionar la conducta, someterla, hacerla sufrir o intimide, con independencia de otros delitos que se llegaran a configurar\u201d.<\/p>\n\n\n\n<figure class=\"wp-block-embed is-type-rich is-provider-twitter wp-block-embed-twitter\"><div class=\"wp-block-embed__wrapper\">\n<div class=\"twitter-tweet\"><blockquote class=\"twitter-tweet\" data-lang=\"es\"><p lang=\"es\" dir=\"ltr\"><a href=\"https:\/\/twitter.com\/hashtag\/ENVIVO?src=hash&amp;ref_src=twsrc%5Etfw\">#ENVIVO<\/a> <br>San Raymundo Jalpan, Oax.. 1 de julio de 2022.- Un grupo de ciudadanos presenta al Congreso del Estado de <a href=\"https:\/\/twitter.com\/hashtag\/Oaxaca?src=hash&amp;ref_src=twsrc%5Etfw\">#Oaxaca<\/a> una iniciativa de ley sobre violencia vicaria.<br>Aqu\u00ed la transmisi\u00f3n:<br>\ud83d\udc47<a href=\"https:\/\/t.co\/GareZ88zqY\">https:\/\/t.co\/GareZ88zqY<\/a> <a href=\"https:\/\/t.co\/wiFqk8k0sq\">pic.twitter.com\/wiFqk8k0sq<\/a><\/p>&mdash; Zona Roja Oaxaca (@ZonaRoja_Oaxaca) <a href=\"https:\/\/twitter.com\/ZonaRoja_Oaxaca\/status\/1542920472148467713?ref_src=twsrc%5Etfw\">1 de julio de 2022<\/a><\/blockquote><\/div>\n<\/div><\/figure>\n\n\n\n<p>En voz de Flor Estela Morales Hern\u00e1ndez, expusieron que estudios sobre la violencia a mujeres han demostrado que una persona que ha herido a un miembro de su familia tambi\u00e9n ha maltratado antes a animales dom\u00e9sticos y de compa\u00f1\u00eda, de ah\u00ed su importancia de incluir a estos seres en la iniciativa.<\/p>\n\n\n\n<p>As\u00ed mismo, otras investigadoras sostienen que los animales de compa\u00f1\u00eda son fuente de apoyo para las mujeres v\u00edctimas de violencia familiar, pues com\u00fanmente se encuentran aisladas.<\/p>\n\n\n\n<p>Pero al mismo tiempo la relaci\u00f3n afectiva con la mascota provoca que las mujeres arriesguen su integridad al colocarse frente al animal ante alguna agresi\u00f3n.<\/p>\n\n\n\n<p>Sobre este tema, justificaron que el maltrato animal debe verse como un indicador de la violencia machista, pues tambi\u00e9n las investigaciones apuntan que la violencia contra animales implica un riesgo mayor de agresi\u00f3n m\u00e1s severas, desde lo f\u00edsico, psicol\u00f3gico y hasta sexual contra las mujeres.<\/p>\n\n\n\n<p>Para ello, agregaron, es necesario que para ampliar la red de detecci\u00f3n de violencia familiar los veterinarios reconozcan y reporten sobre el origen de un maltrato animal.<\/p>\n\n\n\n<p>Adem\u00e1s, apuntaron que estas conductas son un mal ejemplo para la ni\u00f1ez, quienes pueden normalizar el maltrato animal y partir de ah\u00ed se desaten otros actos reprobables contra la sana convivencia.<\/p>\n","protected":false},"excerpt":{"rendered":"<p>Yuridiana Sosa\/Zona Roja. Oaxaca de Ju\u00e1rez, Oax., 1 de julio de 2022.- Para frenar las&hellip;<\/p>\n","protected":false},"author":2,"featured_media":43033,"comment_status":"closed","ping_status":"open","sticky":false,"template":"","format":"standard","meta":{"_lmt_disableupdate":"","_lmt_disable":"","_jetpack_memberships_contains_paid_content":false,"footnotes":""},"categories":[109,46],"tags":[],"class_list":["post-43032","post","type-post","status-publish","format-standard","has-post-thumbnail","hentry","category-minuto-a-minuto","category-zona-blanca"],"jetpack_featured_media_url":"https:\/\/zonaroja.com.mx\/wp-content\/uploads\/2022\/07\/Conferencia-iniciativa-ley-vicaria.jpg","jetpack_sharing_enabled":true,"_links":{"self":[{"href":"https:\/\/zonaroja.com.mx\/index.php?rest_route=\/wp\/v2\/posts\/43032","targetHints":{"allow":["GET"]}}],"collection":[{"href":"https:\/\/zonaroja.com.mx\/index.php?rest_route=\/wp\/v2\/posts"}],"about":[{"href":"https:\/\/zonaroja.com.mx\/index.php?rest_route=\/wp\/v2\/types\/post"}],"author":[{"embeddable":true,"href":"https:\/\/zonaroja.com.mx\/index.php?rest_route=\/wp\/v2\/users\/2"}],"replies":[{"embeddable":true,"href":"https:\/\/zonaroja.com.mx\/index.php?rest_route=%2Fwp%2Fv2%2Fcomments&post=43032"}],"version-history":[{"count":1,"href":"https:\/\/zonaroja.com.mx\/index.php?rest_route=\/wp\/v2\/posts\/43032\/revisions"}],"predecessor-version":[{"id":43034,"href":"https:\/\/zonaroja.com.mx\/index.php?rest_route=\/wp\/v2\/posts\/43032\/revisions\/43034"}],"wp:featuredmedia":[{"embeddable":true,"href":"https:\/\/zonaroja.com.mx\/index.php?rest_route=\/wp\/v2\/media\/43033"}],"wp:attachment":[{"href":"https:\/\/zonaroja.com.mx\/index.php?rest_route=%2Fwp%2Fv2%2Fmedia&parent=43032"}],"wp:term":[{"taxonomy":"category","embeddable":true,"href":"https:\/\/zonaroja.com.mx\/index.php?rest_route=%2Fwp%2Fv2%2Fcategories&post=43032"},{"taxonomy":"post_tag","embeddable":true,"href":"https:\/\/zonaroja.com.mx\/index.php?rest_route=%2Fwp%2Fv2%2Ftags&post=43032"}],"curies":[{"name":"wp","href":"https:\/\/api.w.org\/{rel}","templated":true}]}}