{"id":43035,"date":"2022-07-01T21:22:50","date_gmt":"2022-07-02T02:22:50","guid":{"rendered":"http:\/\/www.zonaroja.com.mx\/?p=43035"},"modified":"2022-07-01T21:22:52","modified_gmt":"2022-07-02T02:22:52","slug":"ulises-ruiz-es-responsable-de-delitos-de-lesa-humanidad","status":"publish","type":"post","link":"https:\/\/zonaroja.com.mx\/?p=43035","title":{"rendered":"\u201cUlises Ruiz es responsable de delitos de lesa humanidad\u201d"},"content":{"rendered":"\n<p>Redacci\u00f3n\/Zona Roja Cdmx.<\/p>\n\n\n\n<p>Ciudad de M\u00e9xico, 1 de julio de 2022.- En 2006 y 2007, los pueblos de Oaxaca exigieron la renuncia del gobernador Ulises Ruiz Ortiz.&nbsp;<\/p>\n\n\n\n<p>El mandatario estatal utiliz\u00f3 a \u201cLos Zetas\u201d y a grupos criminales para reprimirlos. Fueron asesinadas 26 personas, varias de ellas ejecutadas extrajudicialmente. Centenares fueron detenidas arbitrariamente y torturadas. Otras m\u00e1s desaparecidas. La denuncia la hace Arturo Peimbert, fiscal del estado de Oaxaca.<\/p>\n\n\n\n<p>Indignado por la reciente aparici\u00f3n del ex gobernador Ruiz Ortiz en un canal de televisi\u00f3n perteneciente al Sistema P\u00fablico de Radiodifusi\u00f3n del Estado Mexicano, el que fue primer Defensor de los Derechos Humanos del Pueblo de Oaxaca asegura, en entrevista con \u201cLa Jornada\u201d, que el pri\u00edsta tiene cuentas pendientes y se debe investigar c\u00f3mo, estando al frente del estado m\u00e1s pobre del pa\u00eds, construy\u00f3 el hospital Sedna en la Ciudad de M\u00e9xico.<\/p>\n\n\n\n<p>Narra tambi\u00e9n c\u00f3mo fue que present\u00f3 el caso sobre la violaci\u00f3n a derechos humanos y delitos de lesa humanidad en Oaxaca, ante la Corte Penal Internacional de La Haya, responsabilizando a Ruiz Ortiz, pero tambi\u00e9n a los ex presidentes Vicente Fox y Felipe Calder\u00f3n.<\/p>\n\n\n\n<p>A continuaci\u00f3n, parte de la conversaci\u00f3n del fiscal con este diario.<\/p>\n\n\n\n<p>\u2013\u00bfQue sucedi\u00f3 en Oaxaca en 2006 que amerit\u00f3 llevar el caso a la Corte Penal Internacional de La Haya?<\/p>\n\n\n\n<p>\u2013Desde antes de 2006, el gobierno de Ulises Ruiz ejerci\u00f3 represi\u00f3n y violencia econ\u00f3mica contra las organizaciones sociales. Utiliz\u00f3 mano dura contra prensa y defensores de derechos humanos. Encarcel\u00f3 a luchadores comunitarios. Pretendi\u00f3 doblegar al movimiento social. En la capital se ocultaba un poco la represi\u00f3n, pero era total en el resto de Oaxaca.<\/p>\n\n\n\n<p>\u201cAl frente de la Secretar\u00eda de Gobierno puso a una persona que jam\u00e1s hab\u00eda caminado los pueblos de la entidad, emanada de una \u00e9lite oaxaque\u00f1a de abogados y escuelas privadas, que no conoc\u00eda la realidad de las comunidades: Jorge Franco Vargas, el \u2018Chucky\u2019.<\/p>\n\n\n\n<p>\u201cRuiz experiment\u00f3 modelos de represi\u00f3n ya vistos, pero con ingredientes nuevos, en los que no se viera la mano directa del Estado. Pongo un ejemplo: el cierre del peri\u00f3dico \u2018Noticias\u2019. Era el \u00fanico peri\u00f3dico local que publicaba estos abusos. Utiliz\u00f3 a la CTM para montar una falsa huelga, tomar por asalto el peri\u00f3dico y acallar esa voz.<\/p>\n\n\n\n<p>\u201cLa secci\u00f3n 22 del sindicato de maestros en Oaxaca representa, a trav\u00e9s de sus colectivos, a todas las expresiones del movimiento popular. Su capacidad y potencia en sus negociaciones anuales permit\u00edan que existiera un amortiguador entre el Estado y la sociedad, pero Ulises Ruiz quiso romper este resorte\u201d.<\/p>\n\n\n\n<p>En este enlace puede consultar la entrevista completa de \u201cLa Jornada\u201d:<\/p>\n\n\n\n<figure class=\"wp-block-embed\"><div class=\"wp-block-embed__wrapper\">\nhttps:\/\/www.jornada.com.mx\/2022\/07\/01\/politica\/017e1pol\n<\/div><\/figure>\n","protected":false},"excerpt":{"rendered":"<p>Redacci\u00f3n\/Zona Roja Cdmx. Ciudad de M\u00e9xico, 1 de julio de 2022.- En 2006 y 2007,&hellip;<\/p>\n","protected":false},"author":2,"featured_media":31004,"comment_status":"closed","ping_status":"open","sticky":false,"template":"","format":"standard","meta":{"_lmt_disableupdate":"","_lmt_disable":"","_jetpack_memberships_contains_paid_content":false,"footnotes":""},"categories":[109,46],"tags":[2532],"class_list":["post-43035","post","type-post","status-publish","format-standard","has-post-thumbnail","hentry","category-minuto-a-minuto","category-zona-blanca","tag-arturo-peimbert-calvo"],"jetpack_featured_media_url":"https:\/\/zonaroja.com.mx\/wp-content\/uploads\/2021\/08\/Arturo-Peimbert-Calvo.jpg","jetpack_sharing_enabled":true,"_links":{"self":[{"href":"https:\/\/zonaroja.com.mx\/index.php?rest_route=\/wp\/v2\/posts\/43035","targetHints":{"allow":["GET"]}}],"collection":[{"href":"https:\/\/zonaroja.com.mx\/index.php?rest_route=\/wp\/v2\/posts"}],"about":[{"href":"https:\/\/zonaroja.com.mx\/index.php?rest_route=\/wp\/v2\/types\/post"}],"author":[{"embeddable":true,"href":"https:\/\/zonaroja.com.mx\/index.php?rest_route=\/wp\/v2\/users\/2"}],"replies":[{"embeddable":true,"href":"https:\/\/zonaroja.com.mx\/index.php?rest_route=%2Fwp%2Fv2%2Fcomments&post=43035"}],"version-history":[{"count":1,"href":"https:\/\/zonaroja.com.mx\/index.php?rest_route=\/wp\/v2\/posts\/43035\/revisions"}],"predecessor-version":[{"id":43036,"href":"https:\/\/zonaroja.com.mx\/index.php?rest_route=\/wp\/v2\/posts\/43035\/revisions\/43036"}],"wp:featuredmedia":[{"embeddable":true,"href":"https:\/\/zonaroja.com.mx\/index.php?rest_route=\/wp\/v2\/media\/31004"}],"wp:attachment":[{"href":"https:\/\/zonaroja.com.mx\/index.php?rest_route=%2Fwp%2Fv2%2Fmedia&parent=43035"}],"wp:term":[{"taxonomy":"category","embeddable":true,"href":"https:\/\/zonaroja.com.mx\/index.php?rest_route=%2Fwp%2Fv2%2Fcategories&post=43035"},{"taxonomy":"post_tag","embeddable":true,"href":"https:\/\/zonaroja.com.mx\/index.php?rest_route=%2Fwp%2Fv2%2Ftags&post=43035"}],"curies":[{"name":"wp","href":"https:\/\/api.w.org\/{rel}","templated":true}]}}