{"id":43037,"date":"2022-07-02T07:30:00","date_gmt":"2022-07-02T12:30:00","guid":{"rendered":"http:\/\/www.zonaroja.com.mx\/?p=43037"},"modified":"2022-07-01T21:35:07","modified_gmt":"2022-07-02T02:35:07","slug":"logra-fiscalia-de-oaxaca-sentencia-de-30-anos-para-dos-homicidas","status":"publish","type":"post","link":"https:\/\/zonaroja.com.mx\/?p=43037","title":{"rendered":"Logra Fiscal\u00eda de Oaxaca sentencia de 30 a\u00f1os para dos homicidas"},"content":{"rendered":"\n<p>Redacci\u00f3n\/Zona Roja. &nbsp;<\/p>\n\n\n\n<p>Oaxaca de Ju\u00e1rez, Oax., a 2 de julio de 2022.- La Fiscal\u00eda General del Estado de Oaxaca (FGEO) obtuvo, del Tribunal de Enjuiciamiento, dos sentencias condenatorias de 30 a\u00f1os de prisi\u00f3n contra dos personas del sexo masculino identificadas como D. M. A. y F. O. A.<\/p>\n\n\n\n<p>Ello al ser hallados como responsables del delito de homicidio calificado en agravio de quien vida respondi\u00f3 al nombre de M. A. A., crimen cometido en abril de 2020, en jurisdicci\u00f3n de San Juan Petlapa, regi\u00f3n de la Cuenca del Papaloapan.<\/p>\n\n\n\n<p>De acuerdo con la causa penal 75\/2020, el 17 de abril de 2020, los responsables atacaron con un objeto corto contundente (machete) a la v\u00edctima en diversas partes del cuerpo, provoc\u00e1ndole heridas de gravedad que le ocasionaron la muerte, cuando se encontraban en un camino ubicado en la agencia de Santa Mar\u00eda Lovani, perteneciente a la referida demarcaci\u00f3n.&nbsp;<\/p>\n\n\n\n<p>Ante este hecho violento, la Instituci\u00f3n de procuraci\u00f3n de justicia atrajo la investigaci\u00f3n -a trav\u00e9s de la Vicefiscal\u00eda Regional de la Cuenca- y realiz\u00f3 las diligencias correspondientes, logrando presentar a los imputados ante el Juez de la causa, quien determin\u00f3 vincularlos a proceso.<\/p>\n\n\n\n<p>En audiencia de debate, el Tribunal de Enjuiciamiento dict\u00f3 sentencia condenatoria contra los homicidas, imponiendo la pena de 30 a\u00f1os de prisi\u00f3n a cada uno, as\u00ed como el pago de la reparaci\u00f3n del da\u00f1o por m\u00e1s de 433 mil pesos.<\/p>\n\n\n\n<p>OTRO FALLO<\/p>\n\n\n\n<p>En otro caso, la Fiscal\u00eda General del Estado de Oaxaca (FGEO) obtuvo, del Tribunal de Enjuiciamiento, fallo condenatorio contra la persona del sexo masculino identificada como J. I. S. J., responsable del delito de homicidio calificado en agravio de quien en vida respondi\u00f3 al nombre de J. C. C. y de robo espec\u00edfico, en perjuicio de la mujer S. J. O., cometidos en jurisdicci\u00f3n de Magdalena Apasco, distrito de Etla, en la regi\u00f3n de Valles Centrales.<\/p>\n\n\n\n<p>De acuerdo con la causa penal 486\/2017, el 31 de julio de 2017, aproximadamente a las 05:25 horas, el imputado y otro sujeto interceptaron y robaron el veh\u00edculo donde circulaban las v\u00edctimas, en inmediaciones del Barrio de Lache de Magdalena Apasco.<\/p>\n\n\n\n<p>Al oponer resistencia al robo, los sujetos agredieron con disparo de arma de fuego a la v\u00edctima J. C. C., infligiendo lesiones que le provocaron la muerte.&nbsp;<\/p>\n\n\n\n<p>Ante este hecho, la Instituci\u00f3n de procuraci\u00f3n de justicia atrajo el caso -a trav\u00e9s de la Fiscal\u00eda Especializada en Atenci\u00f3n a Delitos de Alto Impacto-, logrando la aprehensi\u00f3n de uno de los probables part\u00edcipes, quien por orden del Juez de Control fue vinculado a proceso en junio de 2018.&nbsp;<\/p>\n\n\n\n<p>En audiencia, el Tribunal de Enjuiciamiento dict\u00f3 fallo condenatorio contra J. I. S. J., cuya lectura de sentencia se realizar\u00e1 el pr\u00f3ximo 7 de julio del a\u00f1o en curso.<\/p>\n","protected":false},"excerpt":{"rendered":"<p>Redacci\u00f3n\/Zona Roja. &nbsp; Oaxaca de Ju\u00e1rez, Oax., a 2 de julio de 2022.- La Fiscal\u00eda&hellip;<\/p>\n","protected":false},"author":2,"featured_media":42253,"comment_status":"closed","ping_status":"open","sticky":false,"template":"","format":"standard","meta":{"_lmt_disableupdate":"","_lmt_disable":"","_jetpack_memberships_contains_paid_content":false,"footnotes":""},"categories":[109,46],"tags":[494],"class_list":["post-43037","post","type-post","status-publish","format-standard","has-post-thumbnail","hentry","category-minuto-a-minuto","category-zona-blanca","tag-fiscalia-general-del-estado-de-oaxaca"],"jetpack_featured_media_url":"https:\/\/zonaroja.com.mx\/wp-content\/uploads\/2022\/06\/Tribunal-sentencia-2.jpeg","jetpack_sharing_enabled":true,"_links":{"self":[{"href":"https:\/\/zonaroja.com.mx\/index.php?rest_route=\/wp\/v2\/posts\/43037","targetHints":{"allow":["GET"]}}],"collection":[{"href":"https:\/\/zonaroja.com.mx\/index.php?rest_route=\/wp\/v2\/posts"}],"about":[{"href":"https:\/\/zonaroja.com.mx\/index.php?rest_route=\/wp\/v2\/types\/post"}],"author":[{"embeddable":true,"href":"https:\/\/zonaroja.com.mx\/index.php?rest_route=\/wp\/v2\/users\/2"}],"replies":[{"embeddable":true,"href":"https:\/\/zonaroja.com.mx\/index.php?rest_route=%2Fwp%2Fv2%2Fcomments&post=43037"}],"version-history":[{"count":1,"href":"https:\/\/zonaroja.com.mx\/index.php?rest_route=\/wp\/v2\/posts\/43037\/revisions"}],"predecessor-version":[{"id":43038,"href":"https:\/\/zonaroja.com.mx\/index.php?rest_route=\/wp\/v2\/posts\/43037\/revisions\/43038"}],"wp:featuredmedia":[{"embeddable":true,"href":"https:\/\/zonaroja.com.mx\/index.php?rest_route=\/wp\/v2\/media\/42253"}],"wp:attachment":[{"href":"https:\/\/zonaroja.com.mx\/index.php?rest_route=%2Fwp%2Fv2%2Fmedia&parent=43037"}],"wp:term":[{"taxonomy":"category","embeddable":true,"href":"https:\/\/zonaroja.com.mx\/index.php?rest_route=%2Fwp%2Fv2%2Fcategories&post=43037"},{"taxonomy":"post_tag","embeddable":true,"href":"https:\/\/zonaroja.com.mx\/index.php?rest_route=%2Fwp%2Fv2%2Ftags&post=43037"}],"curies":[{"name":"wp","href":"https:\/\/api.w.org\/{rel}","templated":true}]}}