{"id":43041,"date":"2022-07-02T09:00:00","date_gmt":"2022-07-02T14:00:00","guid":{"rendered":"http:\/\/www.zonaroja.com.mx\/?p=43041"},"modified":"2022-07-02T06:23:56","modified_gmt":"2022-07-02T11:23:56","slug":"otro-ataque-en-ucrania-deja-21-muertos-presidente-culpa-a-rusia-de-terrorismo","status":"publish","type":"post","link":"https:\/\/zonaroja.com.mx\/?p=43041","title":{"rendered":"Otro ataque en Ucrania deja 21 muertos; presidente culpa a Rusia de terrorismo"},"content":{"rendered":"\n<p>Redacci\u00f3n\/Zona Roja Cdmx.<\/p>\n\n\n\n<p>Ciudad de M\u00e9xico, 2 de julio de 2022.- El presidente ucraniano, Volodimir Zelenski, acus\u00f3 este viernes (01.07.2022) a Rusia de terrorismo de Estado, al responsabilizarla de un ataque con misiles en una localidad sure\u00f1a donde dej\u00f3 21 muertos y decenas de heridos.<\/p>\n\n\n\n<p>Los misiles impactaron un edificio de apartamentos y un centro recreativo en el poblado de Sergiyvka, 80 km al sur del puerto de Odesa, convertido en un foco estrat\u00e9gico de la guerra de m\u00e1s de cuatro meses.<\/p>\n\n\n\n<p>Entre los muertos hab\u00eda un ni\u00f1o de 12 a\u00f1os, dijo Zelenski en su mensaje diario al pa\u00eds. Agreg\u00f3 que unas 40 personas resultaron heridas y que la cifra de muertos podr\u00eda subir.<\/p>\n\n\n\n<p>\u00abYo enfatizo: este es un acto de terrorismo ruso deliberado, intencional, y no alg\u00fan error o ataque accidental con misiles\u00bb, asegur\u00f3 Zelenski.<\/p>\n\n\n\n<p>\u00abTres misiles impactaron un edificio de apartamentos de nueve pisos en el que nadie ocultaba armas ni equipo militar\u00bb, agreg\u00f3. \u00abPersonas comunes, civiles, viv\u00edan all\u00ed\u00bb.<\/p>\n\n\n\n<p>Los servicios de emergencia precisaron que 16 personas murieron en el edificio y cinco en el centro recreativo y que ambos ataques dejaron al menos 39 heridos.<\/p>\n\n\n\n<p>Sergu\u00e9i Brachuk, subjefe distrital de Odesa, indic\u00f3 que la incursi\u00f3n fue llevada a cabo por dos aviones procedentes del mar Negro, que dispararon misiles \u00abmuy pesados y muy potentes\u00bb.<\/p>\n\n\n\n<p>Alemania tach\u00f3 de \u00abinhumanos\u00bb los ataques, que ocurrieron unas horas despu\u00e9s de que los jefes de Estado y de Gobierno de la OTAN reafirmaran en Madrid su apoyo a Ucrania.<\/p>\n\n\n\n<p>\u00abEsto nos muestra una vez m\u00e1s, de forma cruel, que el agresor ruso acepta deliberadamente la muerte de civiles\u00bb, declar\u00f3 el portavoz del gobierno alem\u00e1n, Steffen Hebestreit.<\/p>\n\n\n\n<p>El mar Negro ha sido teatro de duras batallas desde el inicio de la invasi\u00f3n rusa, el 24 de febrero.<\/p>\n\n\n\n<p>Zelenski celebr\u00f3 un \u00abnuevo\u00bb cap\u00edtulo de la \u00abhistoria\u00bb, despu\u00e9s de que Ucrania fuera admitida como candidata para adherir a la Uni\u00f3n Europea (UE).<\/p>\n\n\n\n<p>\u00abNuestro camino hacia la adhesi\u00f3n no deber\u00eda durar d\u00e9cadas. Deber\u00edamos recorrer este camino r\u00e1pidamente\u00bb, declar\u00f3 el mandatario ante el Parlamento ucraniano.<\/p>\n\n\n\n<p>La presidenta de la Comisi\u00f3n Europea, Ursula von der Leyen, dijo que la adhesi\u00f3n estaba \u00abal alcance\u00bb, pero inst\u00f3 a Ucrania a seguir adelante con las reformas anticorrupci\u00f3n.&nbsp;<\/p>\n\n\n\n<p>(Informaci\u00f3n de agencias internacionales en DW)<\/p>\n","protected":false},"excerpt":{"rendered":"<p>Redacci\u00f3n\/Zona Roja Cdmx. Ciudad de M\u00e9xico, 2 de julio de 2022.- El presidente ucraniano, Volodimir&hellip;<\/p>\n","protected":false},"author":2,"featured_media":43042,"comment_status":"closed","ping_status":"open","sticky":false,"template":"","format":"standard","meta":{"_lmt_disableupdate":"","_lmt_disable":"","_jetpack_memberships_contains_paid_content":false,"footnotes":""},"categories":[109,47],"tags":[3040],"class_list":["post-43041","post","type-post","status-publish","format-standard","has-post-thumbnail","hentry","category-minuto-a-minuto","category-zona-gris","tag-conflicto-ucrania-rusia-2"],"jetpack_featured_media_url":"https:\/\/zonaroja.com.mx\/wp-content\/uploads\/2022\/07\/Ataque-de-Rusia-a-Ucrania.jpeg","jetpack_sharing_enabled":true,"_links":{"self":[{"href":"https:\/\/zonaroja.com.mx\/index.php?rest_route=\/wp\/v2\/posts\/43041","targetHints":{"allow":["GET"]}}],"collection":[{"href":"https:\/\/zonaroja.com.mx\/index.php?rest_route=\/wp\/v2\/posts"}],"about":[{"href":"https:\/\/zonaroja.com.mx\/index.php?rest_route=\/wp\/v2\/types\/post"}],"author":[{"embeddable":true,"href":"https:\/\/zonaroja.com.mx\/index.php?rest_route=\/wp\/v2\/users\/2"}],"replies":[{"embeddable":true,"href":"https:\/\/zonaroja.com.mx\/index.php?rest_route=%2Fwp%2Fv2%2Fcomments&post=43041"}],"version-history":[{"count":1,"href":"https:\/\/zonaroja.com.mx\/index.php?rest_route=\/wp\/v2\/posts\/43041\/revisions"}],"predecessor-version":[{"id":43043,"href":"https:\/\/zonaroja.com.mx\/index.php?rest_route=\/wp\/v2\/posts\/43041\/revisions\/43043"}],"wp:featuredmedia":[{"embeddable":true,"href":"https:\/\/zonaroja.com.mx\/index.php?rest_route=\/wp\/v2\/media\/43042"}],"wp:attachment":[{"href":"https:\/\/zonaroja.com.mx\/index.php?rest_route=%2Fwp%2Fv2%2Fmedia&parent=43041"}],"wp:term":[{"taxonomy":"category","embeddable":true,"href":"https:\/\/zonaroja.com.mx\/index.php?rest_route=%2Fwp%2Fv2%2Fcategories&post=43041"},{"taxonomy":"post_tag","embeddable":true,"href":"https:\/\/zonaroja.com.mx\/index.php?rest_route=%2Fwp%2Fv2%2Ftags&post=43041"}],"curies":[{"name":"wp","href":"https:\/\/api.w.org\/{rel}","templated":true}]}}