{"id":43044,"date":"2022-07-02T10:24:00","date_gmt":"2022-07-02T15:24:00","guid":{"rendered":"http:\/\/www.zonaroja.com.mx\/?p=43044"},"modified":"2022-07-02T06:30:53","modified_gmt":"2022-07-02T11:30:53","slug":"gasoducto-del-istmo-de-tehuantepec-va-a-costar-19-mmdp","status":"publish","type":"post","link":"https:\/\/zonaroja.com.mx\/?p=43044","title":{"rendered":"Gasoducto del Istmo de Tehuantepec va a costar 19 mmdp"},"content":{"rendered":"\n<p>Redacci\u00f3n\/Zona Roja Cdmx. Foto: ilustraci\u00f3n<\/p>\n\n\n\n<p>Ciudad de M\u00e9xico, a 2 de julio de 2022.- El nuevo gasoducto en el Corredor Interoce\u00e1nico del Istmo de Tehuantepec va a sumar cerca de 300 kil\u00f3metros a la red que actualmente se compone de ocho mil 18 kil\u00f3metros, de acuerdo con cifras de la Secretar\u00eda de Energ\u00eda.<\/p>\n\n\n\n<p>Esta construcci\u00f3n tiene un costo de 19 mil millones de pesos, y est\u00e1 a cargo de la empresa Temura Service &amp; Consulting S.C., contratada por la Comisi\u00f3n Federal de Electricidad (CFE).<\/p>\n\n\n\n<p>La obra va a conectar los puertos de Coatzacoalcos y Salina Cruz y las nuevas plantas de licuefacci\u00f3n para exportaci\u00f3n de este energ\u00e9tico hacia Asia, seg\u00fan los informes presentados.<\/p>\n\n\n\n<p>Estos proyectos van a generar tres mil empleos en la regi\u00f3n del sur del pa\u00eds, seg\u00fan el Presidente de M\u00e9xico.<\/p>\n\n\n\n<p>Cabe se\u00f1alar que esta infraestructura fue anunciada tambi\u00e9n en el Pacto Oaxaca, en la que participan las autoridades de los tres niveles de gobierno y el sector privado, en ese caso la Confederaci\u00f3n Nacional de C\u00e1maras Industriales (Concamin).<\/p>\n\n\n\n<p>Este gasoducto es un respaldo energ\u00e9tico al desarrollo industrial que se busca detonar con el Corredor Interoce\u00e1nico, y los 10 parques industriales que se est\u00e1n fincando para crear una nueva plataforma de manufactura con potencial exportador hacia Estados Unidos.<\/p>\n\n\n\n<p>\u201cEl gasoducto contar\u00e1 con una capacidad cinco veces superior al actual. Se desarrollar\u00e1 por la CFE bajo la figura de negocio de alianza estrat\u00e9gica\u201d, apunt\u00f3 la Comisi\u00f3n.<\/p>\n\n\n\n<p>(Informaci\u00f3n de agencias)<\/p>\n","protected":false},"excerpt":{"rendered":"<p>Redacci\u00f3n\/Zona Roja Cdmx. Foto: ilustraci\u00f3n Ciudad de M\u00e9xico, a 2 de julio de 2022.- El&hellip;<\/p>\n","protected":false},"author":2,"featured_media":43045,"comment_status":"closed","ping_status":"open","sticky":false,"template":"","format":"standard","meta":{"_lmt_disableupdate":"","_lmt_disable":"","_jetpack_memberships_contains_paid_content":false,"footnotes":""},"categories":[109,46],"tags":[2917],"class_list":["post-43044","post","type-post","status-publish","format-standard","has-post-thumbnail","hentry","category-minuto-a-minuto","category-zona-blanca","tag-corredor-interoceanico-oaxaca"],"jetpack_featured_media_url":"https:\/\/zonaroja.com.mx\/wp-content\/uploads\/2022\/07\/Gasoducto.jpeg","jetpack_sharing_enabled":true,"_links":{"self":[{"href":"https:\/\/zonaroja.com.mx\/index.php?rest_route=\/wp\/v2\/posts\/43044","targetHints":{"allow":["GET"]}}],"collection":[{"href":"https:\/\/zonaroja.com.mx\/index.php?rest_route=\/wp\/v2\/posts"}],"about":[{"href":"https:\/\/zonaroja.com.mx\/index.php?rest_route=\/wp\/v2\/types\/post"}],"author":[{"embeddable":true,"href":"https:\/\/zonaroja.com.mx\/index.php?rest_route=\/wp\/v2\/users\/2"}],"replies":[{"embeddable":true,"href":"https:\/\/zonaroja.com.mx\/index.php?rest_route=%2Fwp%2Fv2%2Fcomments&post=43044"}],"version-history":[{"count":1,"href":"https:\/\/zonaroja.com.mx\/index.php?rest_route=\/wp\/v2\/posts\/43044\/revisions"}],"predecessor-version":[{"id":43046,"href":"https:\/\/zonaroja.com.mx\/index.php?rest_route=\/wp\/v2\/posts\/43044\/revisions\/43046"}],"wp:featuredmedia":[{"embeddable":true,"href":"https:\/\/zonaroja.com.mx\/index.php?rest_route=\/wp\/v2\/media\/43045"}],"wp:attachment":[{"href":"https:\/\/zonaroja.com.mx\/index.php?rest_route=%2Fwp%2Fv2%2Fmedia&parent=43044"}],"wp:term":[{"taxonomy":"category","embeddable":true,"href":"https:\/\/zonaroja.com.mx\/index.php?rest_route=%2Fwp%2Fv2%2Fcategories&post=43044"},{"taxonomy":"post_tag","embeddable":true,"href":"https:\/\/zonaroja.com.mx\/index.php?rest_route=%2Fwp%2Fv2%2Ftags&post=43044"}],"curies":[{"name":"wp","href":"https:\/\/api.w.org\/{rel}","templated":true}]}}