{"id":43060,"date":"2022-07-02T14:57:07","date_gmt":"2022-07-02T19:57:07","guid":{"rendered":"http:\/\/www.zonaroja.com.mx\/?p=43060"},"modified":"2022-07-02T19:53:24","modified_gmt":"2022-07-03T00:53:24","slug":"incertidumbre-y-esperanza-abraza-a-la-familia-de-migrantes-oaxaquenos","status":"publish","type":"post","link":"https:\/\/zonaroja.com.mx\/?p=43060","title":{"rendered":"Incertidumbre y esperanza abraza a la familia de migrantes oaxaque\u00f1os"},"content":{"rendered":"\n<p>Yuridiana Sosa\/Zona Roja.<\/p>\n\n\n\n<p>Oaxaca de Ju\u00e1rez, Oax., 2 de julio de 2022.- Pese a la confirmaci\u00f3n oficial, en la casa de Mariano, migrante chinanteco de Oaxaca que viaj\u00f3 en trailer a Texas, Estados Unidos, no pierden las esperanzas de volver a verlo con vida.<\/p>\n\n\n\n<p>Las visitas a Luz Estrella -esposa, pero considerada por las \u00faltimas noticias como la viuda- no cesan por familiares o amistades, ya sea para saber nuevas noticias o darle \u00e1nimos.<\/p>\n\n\n\n<p>Pero ella ya est\u00e1 agotada; sus dos peque\u00f1os hijos demandan su atenci\u00f3n, su cari\u00f1o. S\u00f3lo desea que la pesadilla acabe.<\/p>\n\n\n\n<p>La tristeza recorre los peque\u00f1os cuartos de la casa donde una numerosa familia comparte techo en una colonia de Tuxtepec, en la regi\u00f3n Cuenca.<\/p>\n\n\n\n<p>Lo mismo hace la incertidumbre, pues desde el jueves por la ma\u00f1ana que recibieron la supuesta confirmaci\u00f3n de que Mariano Santiago Hip\u00f3lito hab\u00eda muerto en el trailer en San Antonio, Texas, nadie, ni familiares en la frontera, ni autoridades migratorias ni estatales, nadie se ha vuelto a comunicar con ella.<\/p>\n\n\n\n<p>Por eso la esperanza que todo se trate de una confusi\u00f3n no se extingue, para nadie , principalmente para Luz Estrella y el padre de los hermanos Santiago Hip\u00f3lito, el se\u00f1or Pioquinto Santiago Vicente, que este fin de semana tambi\u00e9n lleg\u00f3 a ver a su nuera y nietos. La esperanza sigue viva, a pesar del la confirmaci\u00f3n oficial.<\/p>\n\n\n\n<figure class=\"wp-block-embed is-type-rich is-provider-twitter wp-block-embed-twitter\"><div class=\"wp-block-embed__wrapper\">\n<div class=\"twitter-tweet\"><blockquote class=\"twitter-tweet\" data-lang=\"es\"><p lang=\"es\" dir=\"ltr\"><a href=\"https:\/\/twitter.com\/hashtag\/%C3%9AltimoMinuto?src=hash&amp;ref_src=twsrc%5Etfw\">#\u00daltimoMinuto<\/a> <br>La familia de Mariano, una de las v\u00edctimas del \u201ctr\u00e1iler de la muerte\u201d en Texas, Estados Unidos, a\u00fan no pierde la esperanza de que su hijo se encuentre con vida. <br>Exigen a las autoridades mayor apoyo e informaci\u00f3n. <br>Video: <a href=\"https:\/\/twitter.com\/YuriSosa04?ref_src=twsrc%5Etfw\">@YuriSosa04<\/a>. <a href=\"https:\/\/t.co\/4cKgRNuCxk\">pic.twitter.com\/4cKgRNuCxk<\/a><\/p>&mdash; Zona Roja Oaxaca (@ZonaRoja_Oaxaca) <a href=\"https:\/\/twitter.com\/ZonaRoja_Oaxaca\/status\/1543315864560308227?ref_src=twsrc%5Etfw\">2 de julio de 2022<\/a><\/blockquote><\/div>\n<\/div><\/figure>\n\n\n\n<p>RUEGA POR DOS HIJOS<\/p>\n\n\n\n<p>Don Pioquinto Santiago afirma que es un hombre fuerte, que no puede llorar, pero siente en el alma la presunta p\u00e9rdida de un hijo y que otro, Biga\u00ed, se encuentre hospitalizado de gravedad.<\/p>\n\n\n\n<p>El hombre ind\u00edgena de San Felipe Usila, hablante de su lengua madre, apenas entiende el espa\u00f1ol, pero se esfuerza por hablarlo.<\/p>\n\n\n\n<p>De sus hijos no tiene mayor informaci\u00f3n y eso tambi\u00e9n lo mantiene desconcertado, alimentando la esperanza de volver a ver a ambos con vida.<\/p>\n\n\n\n<p>El hombre, como lo dijo momento antes en la entrevista, no llora, pero se le cristalizan sus ojos que tomaron un tomo rojizo.<\/p>\n\n\n\n<p>Don Pioquinto, que parece un hombre de pocas palabras y severo, agarra valor y sin titubear, en su espa\u00f1ol pide ayuda a los gobiernos, para que sus hijos vuelvan, pero tambi\u00e9n para ayudar por ahora con el sustento de sus nietos.<\/p>\n\n\n\n<p>Todo en casa de Mariano gira en torno al caso, en espera de nuevas noticias.<\/p>\n\n\n\n<p>Mientras tanto, sus peque\u00f1os hijos juegan en el patio que de vez en vez recibe vistas a las que ofrecen una taza de caf\u00e9 y pan.<\/p>\n\n\n\n<p>En el patio donde hoy Luz Estrella espera que una vez m\u00e1s llegue el padre de sus hijos, su esposo, aunque sea en el f\u00e9retro.<\/p>\n","protected":false},"excerpt":{"rendered":"<p>Yuridiana Sosa\/Zona Roja. Oaxaca de Ju\u00e1rez, Oax., 2 de julio de 2022.- Pese a la&hellip;<\/p>\n","protected":false},"author":2,"featured_media":43059,"comment_status":"closed","ping_status":"open","sticky":false,"template":"","format":"standard","meta":{"_lmt_disableupdate":"","_lmt_disable":"","_jetpack_memberships_contains_paid_content":false,"footnotes":""},"categories":[109,47],"tags":[3173],"class_list":["post-43060","post","type-post","status-publish","format-standard","has-post-thumbnail","hentry","category-minuto-a-minuto","category-zona-gris","tag-migrantes-texas-estados-unidos"],"jetpack_featured_media_url":"https:\/\/zonaroja.com.mx\/wp-content\/uploads\/2022\/07\/Familiares-migrantes-Usila-Tuxtepec-Texas.jpg","jetpack_sharing_enabled":true,"_links":{"self":[{"href":"https:\/\/zonaroja.com.mx\/index.php?rest_route=\/wp\/v2\/posts\/43060","targetHints":{"allow":["GET"]}}],"collection":[{"href":"https:\/\/zonaroja.com.mx\/index.php?rest_route=\/wp\/v2\/posts"}],"about":[{"href":"https:\/\/zonaroja.com.mx\/index.php?rest_route=\/wp\/v2\/types\/post"}],"author":[{"embeddable":true,"href":"https:\/\/zonaroja.com.mx\/index.php?rest_route=\/wp\/v2\/users\/2"}],"replies":[{"embeddable":true,"href":"https:\/\/zonaroja.com.mx\/index.php?rest_route=%2Fwp%2Fv2%2Fcomments&post=43060"}],"version-history":[{"count":2,"href":"https:\/\/zonaroja.com.mx\/index.php?rest_route=\/wp\/v2\/posts\/43060\/revisions"}],"predecessor-version":[{"id":43067,"href":"https:\/\/zonaroja.com.mx\/index.php?rest_route=\/wp\/v2\/posts\/43060\/revisions\/43067"}],"wp:featuredmedia":[{"embeddable":true,"href":"https:\/\/zonaroja.com.mx\/index.php?rest_route=\/wp\/v2\/media\/43059"}],"wp:attachment":[{"href":"https:\/\/zonaroja.com.mx\/index.php?rest_route=%2Fwp%2Fv2%2Fmedia&parent=43060"}],"wp:term":[{"taxonomy":"category","embeddable":true,"href":"https:\/\/zonaroja.com.mx\/index.php?rest_route=%2Fwp%2Fv2%2Fcategories&post=43060"},{"taxonomy":"post_tag","embeddable":true,"href":"https:\/\/zonaroja.com.mx\/index.php?rest_route=%2Fwp%2Fv2%2Ftags&post=43060"}],"curies":[{"name":"wp","href":"https:\/\/api.w.org\/{rel}","templated":true}]}}