{"id":43062,"date":"2022-07-02T16:52:34","date_gmt":"2022-07-02T21:52:34","guid":{"rendered":"https:\/\/www.zonaroja.com.mx\/?p=43062"},"modified":"2022-07-02T16:52:39","modified_gmt":"2022-07-02T21:52:39","slug":"denuncian-complicidad-de-segego-osfeo-y-congreso-contra-teotitlan-del-valle","status":"publish","type":"post","link":"https:\/\/zonaroja.com.mx\/?p=43062","title":{"rendered":"Denuncian complicidad de Segego,  OSFEO y Congreso contra Teotitl\u00e1n del Valle"},"content":{"rendered":"\n<p>Yuridiana Sosa\/ Zona Roja.<\/p>\n\n\n\n<p>Oaxaca de Ju\u00e1rez, Oax., 2 de julio de 2022.- Autoridades de Teotitl\u00e1n del Valle denunciaron una red de complicidad de autoridades estatales para bloquear el reconocimiento de los electos en sustituci\u00f3n de funcionarios se\u00f1alados de presuntos desv\u00edos de recursos, pero quienes siguen cobrando los recursos municipales con documentos falsos. <\/p>\n\n\n\n<p>Las autoridades encabezadas por el edil Andr\u00e9s Guti\u00e9rrez Hern\u00e1ndez -en sustituci\u00f3n de Andr\u00e9s Guti\u00e9rrez Sosa-  dieron a conocer que el Congreso de Oaxaca no ha reconocido el cambio de autoridades que incluye la destituci\u00f3n del s\u00edndico municipal, Lorenzo Jim\u00e9nez Mart\u00ednez y el regidor de Hacienda, Daniel Baz\u00e1n Ruiz.<\/p>\n\n\n\n<p>Recordaron que la solicitud la realizaron desde el 4 de noviembre de 2021, luego de la asamblea donde se realiz\u00f3 el cambio el 29 de septiembre, pero son omisos.<\/p>\n\n\n\n<p>En conferencia de prensa, desde Teotitl\u00e1n del Valle, los afectados se\u00f1alaron directamente la protecci\u00f3n del Congreso de Oaxaca, desde donde &#8211; de acuerdo con informaci\u00f3n confidencial- se ha ordenado a la Secretar\u00eda General de Gobierno mantener su vigencia y pasar por alto la falsedad de documentos, lo mismo que al \u00d3rgano Superior de Fiscalizaci\u00f3n del Estado de Oaxaca (OSFEO).<\/p>\n\n\n\n<figure class=\"wp-block-embed\"><div class=\"wp-block-embed__wrapper\">\n<div class=\"twitter-tweet\"><blockquote class=\"twitter-tweet\" data-lang=\"es\"><p lang=\"es\" dir=\"ltr\"><a href=\"https:\/\/twitter.com\/hashtag\/%C3%9AltimoMinuto?src=hash&amp;ref_src=twsrc%5Etfw\">#\u00daltimoMinuto<\/a> <br>En la problem\u00e1tica en Teotitl\u00e1n del Valle, Tlacolula, hay funcionarios de la <a href=\"https:\/\/twitter.com\/SEGEGO_GobOax?ref_src=twsrc%5Etfw\">@SEGEGO_GobOax<\/a> inmiscuidos para favorecer a ex autoridades destituidas, que son Carlos Felgu\u00e9rez y Mart\u00edn Vela Gil, denunciaron en conferencia de prensa. <a href=\"https:\/\/t.co\/z2m1lXb2DI\">pic.twitter.com\/z2m1lXb2DI<\/a><\/p>&mdash; Zona Roja Oaxaca (@ZonaRoja_Oaxaca) <a href=\"https:\/\/twitter.com\/ZonaRoja_Oaxaca\/status\/1543291017637634048?ref_src=twsrc%5Etfw\">2 de julio de 2022<\/a><\/blockquote><\/div>\n<\/div><\/figure>\n\n\n\n<p>Detallaron que las antiguas autoridades lograron cobrar el remanente del \u00faltimo periodo del 2021, cuando ya hab\u00edan sido desconocidos por la asamblea del pueblo regido por Sistemas Normativos Internos.<\/p>\n\n\n\n<p>Para este a\u00f1o, las nuevas autoridades lograron el cobro del primer trimestre, sin embargo, respaldados en un proceso legal y asesorados pol\u00edticamente, las ex autoridades conformaron una comisi\u00f3n de hacienda con un ciudadano ajeno a la poblaci\u00f3n, identificado como Amado Nicol\u00e1s Ju\u00e1rez de Santa Cruz Zezontepec, junto con el ex regidor y ex s\u00edndico. <\/p>\n\n\n\n<p>Tras ello, el recurso municipal de abril volvi\u00f3 a depositarse a sus cuentas, lo que pone en riesgo los ingresos del pueblo, que desde el 2020 ha sufrido de la mala administraci\u00f3n y obras fantasmas detectadas en una revisi\u00f3n interna, con aviso a las autoridades estatales.&nbsp;<\/p>\n\n\n\n<p>Dentro de la Segego se\u00f1alaron como c\u00f3mplices a Mart\u00edn Vela Gil, subsecretario de Fortalecimiento Municipal de la Segego y Carlos Felguerez, Director de Asuntos y Proyectos Estrat\u00e9gicos Municipales.<\/p>\n\n\n\n<p>Los afectados apuntaron que pese a esta protecci\u00f3n y a que el juicio ante los Tribunales no concluye, la poblaci\u00f3n mantendr\u00e1 el desconocimiento de los anteriores funcionarios. <\/p>\n","protected":false},"excerpt":{"rendered":"<p>Yuridiana Sosa\/ Zona Roja. Oaxaca de Ju\u00e1rez, Oax., 2 de julio de 2022.- Autoridades de&hellip;<\/p>\n","protected":false},"author":2,"featured_media":43058,"comment_status":"closed","ping_status":"open","sticky":false,"template":"","format":"standard","meta":{"_lmt_disableupdate":"","_lmt_disable":"","_jetpack_memberships_contains_paid_content":false,"footnotes":""},"categories":[109,47],"tags":[],"class_list":["post-43062","post","type-post","status-publish","format-standard","has-post-thumbnail","hentry","category-minuto-a-minuto","category-zona-gris"],"jetpack_featured_media_url":"https:\/\/zonaroja.com.mx\/wp-content\/uploads\/2022\/07\/Conferencia-de-prensa-Teotitlan-del-Valle.jpg","jetpack_sharing_enabled":true,"_links":{"self":[{"href":"https:\/\/zonaroja.com.mx\/index.php?rest_route=\/wp\/v2\/posts\/43062","targetHints":{"allow":["GET"]}}],"collection":[{"href":"https:\/\/zonaroja.com.mx\/index.php?rest_route=\/wp\/v2\/posts"}],"about":[{"href":"https:\/\/zonaroja.com.mx\/index.php?rest_route=\/wp\/v2\/types\/post"}],"author":[{"embeddable":true,"href":"https:\/\/zonaroja.com.mx\/index.php?rest_route=\/wp\/v2\/users\/2"}],"replies":[{"embeddable":true,"href":"https:\/\/zonaroja.com.mx\/index.php?rest_route=%2Fwp%2Fv2%2Fcomments&post=43062"}],"version-history":[{"count":1,"href":"https:\/\/zonaroja.com.mx\/index.php?rest_route=\/wp\/v2\/posts\/43062\/revisions"}],"predecessor-version":[{"id":43063,"href":"https:\/\/zonaroja.com.mx\/index.php?rest_route=\/wp\/v2\/posts\/43062\/revisions\/43063"}],"wp:featuredmedia":[{"embeddable":true,"href":"https:\/\/zonaroja.com.mx\/index.php?rest_route=\/wp\/v2\/media\/43058"}],"wp:attachment":[{"href":"https:\/\/zonaroja.com.mx\/index.php?rest_route=%2Fwp%2Fv2%2Fmedia&parent=43062"}],"wp:term":[{"taxonomy":"category","embeddable":true,"href":"https:\/\/zonaroja.com.mx\/index.php?rest_route=%2Fwp%2Fv2%2Fcategories&post=43062"},{"taxonomy":"post_tag","embeddable":true,"href":"https:\/\/zonaroja.com.mx\/index.php?rest_route=%2Fwp%2Fv2%2Ftags&post=43062"}],"curies":[{"name":"wp","href":"https:\/\/api.w.org\/{rel}","templated":true}]}}